{"id":41453,"date":"2023-11-23T22:19:14","date_gmt":"2023-11-23T22:19:14","guid":{"rendered":"http:\/\/vocesver.com\/noticias\/?p=41453"},"modified":"2023-11-23T22:28:05","modified_gmt":"2023-11-23T22:28:05","slug":"tripulantes-del-galaxi-leader-estan-retenidos-en-yemenlozano-diaz","status":"publish","type":"post","link":"http:\/\/vocesver.com\/noticias\/tripulantes-del-galaxi-leader-estan-retenidos-en-yemenlozano-diaz\/","title":{"rendered":"TRIPULANTES DEL GALAXI LEADER EST\u00c1N RETENIDOS EN YEMEN:LOZANO D\u00cdAZ."},"content":{"rendered":"\n<p><\/p>\n\n\n\n<p>As\u00ed qued\u00f3 demostrado en un video difundido en redes \u00e1rabes de Yemen.<\/p>\n\n\n\n<p>Eso genera confianza en las familias de los tripulantes y da esperanza que pronto sean liberados sanos y salvos.<br>El Comandante de la Fuerza Naval de Yemen les dijo a estos que son bienvenidos a su pa\u00eds,<\/p>\n\n\n\n<p>Que ser\u00e1n tratados como sus hu\u00e9spedes y no se preocupen por nada. <\/p>\n\n\n\n<p>El barco se encuentra fondeado cerca de la Costa de Yemen, asi se aprecia en una fotograf\u00eda satelital.<br>AUSENCIO RIVERA\/VOCESVER.COM\/NOTICIAS<br>Veracruz,Ver,. a 23 de Noviembre 2023.- La difusi\u00f3n de un video que circul\u00f3 la  noche de este mi\u00e9rcoles en redes \u00e1rabes de Yemen gener\u00f3 esperanza en familiares de los 25  tripulantes que se se encuentran retenidos en ese pa\u00eds a bordo del buque Galaxi Leader de bandera de Bahamas y que desde el domingo pasado fueran secuestrado por el grupo rebelde Huties de Yemen.<br>Lo anterior lo se\u00f1al\u00f3 el Capit\u00e1n Enrique Lozano D\u00edaz inspector de la ITF en el Puerto de Veracruz  quien explic\u00f3 que en ese video aparece un  Comandante de la Fuerza Naval de Yemen acompa\u00f1ado de otros militares en el Puente de Mando de la embarcaci\u00f3n retenida y los tripulantes. <br>En la traducci\u00f3n que se va haciendo del \u00e1rabe al ingl\u00e9s el Comandante les manifiesta a los tripulantes que son bienvenidos a su pa\u00eds y que ser\u00e1n tratados como sus hu\u00e9spedes.<br>El jefe militar les menciona tambi\u00e9n que no se preocupen por nada ,que cualquier cosa que necesiten que lo digan y que ser\u00e1n tratados como si fueran gente de ese pa\u00eds,. <br>Esto obviamente gener\u00f3 esperanza en los familiares, en  los sindicatos de marinos mercantes y en  la misma ITF que desde el momento que se enterar\u00f3n del secuestro del barco han estado al pendiente de su situaci\u00f3n.<br>\u00abNosotros tenemos confianza en que estos tripulantes pronto sean liberados sanos y salvos y sean repatriados a  M\u00e9xico as\u00ed como a las dem\u00e1s naciones involucradas.<br>Si la embarcaci\u00f3n se tiene que quedar por alguna causa,eso ya ser\u00e1 responsabilidad de la empresa,lo que m\u00e1s nos importa es la vida de todos estos seres humanos que se encuentran en esa embarcaci\u00f3n.<br>Por otro lado el Capit\u00e1n Lozano D\u00edaz dijo que tambi\u00e9n el dia de ayer se difundi\u00f3 una fotograf\u00eda tomada por inteligencia de Inglaterra donde el barco en menci\u00f3n se observa que est\u00e1 fondeado cerca de la costa de Yemen. Es una foto satelital que tom\u00f3 Inglaterra donde se observa que el nav\u00edo  no est\u00e1 pegado a muelle, no est\u00e1 en tierra, est\u00e1 anclado cerca de la Costa de Yemen.<br>El entrevistado confirm\u00f3 que en este caso interviene la ITF de Londres debido a que el barco esta firmado con un contrato laboral entre la ITF de Londres y la empresa navierra de Inglaterra, es un contrato que protege a toda la tripulaci\u00f3n a bordo.<br>Adem\u00e1s de la ITF tambi\u00e9n est\u00e1n interviniendo en su liberaci\u00f3n la OMI y las Naciones Unidad quienes califican el caso algo fuera de lo com\u00fan, \u00abporque como lo dije anteriormente la\u00bb pirateria\u00bbes muy frecuente sobre todo en la parte Sur donde sucedi\u00f3 esto, muy cerca de ah\u00ed en el Golfo de Aden y en Somalia, pero un caso de que los marinos fueran privados de su libertad por cuesti\u00f3n de un conflicto de Guerra entre dos naciones,no recuerdo que haya ocurrido recientemente\u00bb. La \u00abpirateria\u00bb habia sucedido en aviones, pero en el aspecto mar\u00edtimo, en un barco,no recuerdo \u00faltimamente un caso as\u00ed. asever\u00f3.<br>Entre la tripulaci\u00f3n hay marinos de Bulgaria,Ucrania,M\u00e9xico y Filipinas.  En dicha embarcaci\u00f3n hab\u00eda 3 marineros mexicanos, uno de ellos baj\u00f3 antes de llegar al Mar Rojo donde se cometi\u00f3 este il\u00edcito.<br>Por otro lado Lozano D\u00edaz lament\u00f3 que algunas personas <br>cuestionen qu\u00e9 andaban haciendo marineros mexicanos en esa \u00e1rea,cuando todo mundo sabe que el marino mercante mexicano egresado de los escuelas n\u00e1uticas mercantes son muy profesionales y capaces en cualquier trabajo donde se requieran sus servicios..Por ello su mano de obras es muy reconocida en todo el mundo y en la OMI estos se encuentran en la lista blanca aptos para laborar donde se les contrate. <br><br><br><br><br><br><br><br><br><br><br><br><br><br><br><br><br><br><br><\/p>\n","protected":false},"excerpt":{"rendered":"<p>As\u00ed qued\u00f3 demostrado en un video difundido en redes \u00e1rabes de Yemen. Eso genera confianza en las familias de los<\/p>\n","protected":false},"author":2,"featured_media":41465,"comment_status":"open","ping_status":"open","sticky":false,"template":"","format":"standard","meta":{"colormag_page_container_layout":"default_layout","colormag_page_sidebar_layout":"default_layout","footnotes":""},"categories":[2],"tags":[],"class_list":["post-41453","post","type-post","status-publish","format-standard","has-post-thumbnail","hentry","category-infogral"],"_links":{"self":[{"href":"http:\/\/vocesver.com\/noticias\/wp-json\/wp\/v2\/posts\/41453","targetHints":{"allow":["GET"]}}],"collection":[{"href":"http:\/\/vocesver.com\/noticias\/wp-json\/wp\/v2\/posts"}],"about":[{"href":"http:\/\/vocesver.com\/noticias\/wp-json\/wp\/v2\/types\/post"}],"author":[{"embeddable":true,"href":"http:\/\/vocesver.com\/noticias\/wp-json\/wp\/v2\/users\/2"}],"replies":[{"embeddable":true,"href":"http:\/\/vocesver.com\/noticias\/wp-json\/wp\/v2\/comments?post=41453"}],"version-history":[{"count":3,"href":"http:\/\/vocesver.com\/noticias\/wp-json\/wp\/v2\/posts\/41453\/revisions"}],"predecessor-version":[{"id":41463,"href":"http:\/\/vocesver.com\/noticias\/wp-json\/wp\/v2\/posts\/41453\/revisions\/41463"}],"wp:featuredmedia":[{"embeddable":true,"href":"http:\/\/vocesver.com\/noticias\/wp-json\/wp\/v2\/media\/41465"}],"wp:attachment":[{"href":"http:\/\/vocesver.com\/noticias\/wp-json\/wp\/v2\/media?parent=41453"}],"wp:term":[{"taxonomy":"category","embeddable":true,"href":"http:\/\/vocesver.com\/noticias\/wp-json\/wp\/v2\/categories?post=41453"},{"taxonomy":"post_tag","embeddable":true,"href":"http:\/\/vocesver.com\/noticias\/wp-json\/wp\/v2\/tags?post=41453"}],"curies":[{"name":"wp","href":"https:\/\/api.w.org\/{rel}","templated":true}]}}