{"id":41447,"date":"2023-11-22T23:05:51","date_gmt":"2023-11-22T23:05:51","guid":{"rendered":"http:\/\/vocesver.com\/noticias\/?p=41447"},"modified":"2023-11-22T23:12:57","modified_gmt":"2023-11-22T23:12:57","slug":"se-desconoce-el-paradero-de-los-25-tripulantes-del-carguero-galaxi-leaderitf","status":"publish","type":"post","link":"http:\/\/vocesver.com\/noticias\/se-desconoce-el-paradero-de-los-25-tripulantes-del-carguero-galaxi-leaderitf\/","title":{"rendered":"SE DESCONOCE EL PARADERO DE LOS 25 TRIPULANTES DEL CARGUERO GALAXI LEADER:ITF"},"content":{"rendered":"\n<p>El buque fue secuestrado por un grupo rebelde cuando navegaba por el Mar Rojo desde el domingo pasado,<\/p>\n\n\n\n<p>Hay preocupaci\u00f3n en el gremio mar\u00edtimo, exigen sean liberado sanos y salvos. <\/p>\n\n\n\n<p>El marinero porte\u00f1o que bajo del barco antes del secuestro pudiera ser el segundo mexicano que ven\u00eda a bordo de la nave.<\/p>\n\n\n\n<p>AUSENCIO RIVERA\/VOCESVER.COM\/NOTICIAS<br><br>Veracruz,Ver.- a 22 de Noviembre 2023.- A m\u00e1s de dos d\u00edas de haberse dado a conocer la noticia internacional del secuestro de 25 tripulantes del carguero Galaxi Leader a manos del grupo rebelde Huties de Yemen cuando navegaba por el Mar Rojo, el Capit\u00e1n Enrique Lozano D\u00edaz inspector  de ITF confirm\u00f3 que la tripulaci\u00f3n permanece incomunicada ya que se perdi\u00f3 del radar del nav\u00edo.<br>El inspector de la Federaci\u00f3n Internacional de los Trabajadores del Transporte(ITF) se\u00f1al\u00f3 a la prensa que la embarcaci\u00f3n tiene registrada su ultima posici\u00f3n al momento del secuestro a la mitad del Mar Rojo.<br> Esto tambi\u00e9n lo manifest\u00f3 la propia naviera internacional due\u00f1os del barco que ellos no ten\u00edan ning\u00fan contacto con el buque desde el momento del incidente hab\u00edan perdido toda conexi\u00f3n satelital con la embarcaci\u00f3n.<br>Tambi\u00e9n inform\u00f3 que un marinero porte\u00f1o  que<br>ven\u00eda a bordo de la embarcaci\u00f3n de Bandera de Bahamas se libro de ser parte de los rehenes al bajar antes de llegar al Mar Rojo y se cometiera el secuestro. <br>El tripulante que descendi\u00f3 antes del nav\u00edo pudiera ser el segundo mexicano que ven\u00eda a bordo de esta embarcaci\u00f3n.<br>Oficialmente no se ha dado a conocer el nombre del segundo mexicano ni la familia se ha pronunciado al respecto como ya lo hizo la familia de Arturo Alberto Zacar\u00edas Meza  originario de Misantla,Veracruz quien confirm\u00f3 es uno de los rehenes.<br>Lozano D\u00edaz explic\u00f3 que el jefe de M\u00e1quinas bajo en un Puerto de Turqu\u00eda antes de llegar al Mar Rojo, mientras que el oficial de m\u00e1quinas oriundo de Mizantla se qued\u00f3 a bordo de la nave,<br>Cabe mencionar que hasta ahora ni la Empresa Naviera que los contrato,ni la Seretar\u00eda de Relaciones Exteriores se han pronunciado al respecto del otro mexicano. <br>Los sindicatos de marinos mercantes y la TTF piden que los 25 tripulantes sean liberados sanos y salvos. La mayor\u00eda son gente de trabajo y tienen familias que mantener, no tienen nada que ver con la guerra que existe entre Isrrael y Hamas.<br>Lozano D\u00edaz record\u00f3 que el buque secuestrado ha realizado diversas visitas al Puerto de Veracruz, se dedica a transportar autom\u00f3viles de importaci\u00f3n y exportaci\u00f3n.<br><br><br><br><br><br><br><br><br><br><br><br><br><br><\/p>\n","protected":false},"excerpt":{"rendered":"<p>El buque fue secuestrado por un grupo rebelde cuando navegaba por el Mar Rojo desde el domingo pasado, Hay preocupaci\u00f3n<\/p>\n","protected":false},"author":2,"featured_media":41458,"comment_status":"open","ping_status":"open","sticky":false,"template":"","format":"standard","meta":{"colormag_page_container_layout":"default_layout","colormag_page_sidebar_layout":"default_layout","footnotes":""},"categories":[2],"tags":[],"class_list":["post-41447","post","type-post","status-publish","format-standard","has-post-thumbnail","hentry","category-infogral"],"_links":{"self":[{"href":"http:\/\/vocesver.com\/noticias\/wp-json\/wp\/v2\/posts\/41447","targetHints":{"allow":["GET"]}}],"collection":[{"href":"http:\/\/vocesver.com\/noticias\/wp-json\/wp\/v2\/posts"}],"about":[{"href":"http:\/\/vocesver.com\/noticias\/wp-json\/wp\/v2\/types\/post"}],"author":[{"embeddable":true,"href":"http:\/\/vocesver.com\/noticias\/wp-json\/wp\/v2\/users\/2"}],"replies":[{"embeddable":true,"href":"http:\/\/vocesver.com\/noticias\/wp-json\/wp\/v2\/comments?post=41447"}],"version-history":[{"count":4,"href":"http:\/\/vocesver.com\/noticias\/wp-json\/wp\/v2\/posts\/41447\/revisions"}],"predecessor-version":[{"id":41457,"href":"http:\/\/vocesver.com\/noticias\/wp-json\/wp\/v2\/posts\/41447\/revisions\/41457"}],"wp:featuredmedia":[{"embeddable":true,"href":"http:\/\/vocesver.com\/noticias\/wp-json\/wp\/v2\/media\/41458"}],"wp:attachment":[{"href":"http:\/\/vocesver.com\/noticias\/wp-json\/wp\/v2\/media?parent=41447"}],"wp:term":[{"taxonomy":"category","embeddable":true,"href":"http:\/\/vocesver.com\/noticias\/wp-json\/wp\/v2\/categories?post=41447"},{"taxonomy":"post_tag","embeddable":true,"href":"http:\/\/vocesver.com\/noticias\/wp-json\/wp\/v2\/tags?post=41447"}],"curies":[{"name":"wp","href":"https:\/\/api.w.org\/{rel}","templated":true}]}}