{"id":41387,"date":"2023-11-20T22:04:35","date_gmt":"2023-11-20T22:04:35","guid":{"rendered":"http:\/\/vocesver.com\/noticias\/?p=41387"},"modified":"2023-11-20T22:11:36","modified_gmt":"2023-11-20T22:11:36","slug":"claudia-y-nalhe-juntas-en-boca-del-rio","status":"publish","type":"post","link":"http:\/\/vocesver.com\/noticias\/claudia-y-nalhe-juntas-en-boca-del-rio\/","title":{"rendered":"CLAUDIA Y NALHE JUNTAS EN BOCA DEL R\u00cdO."},"content":{"rendered":"\n<p><br><br><br>Estuvieron en el WTC de Boca del R\u00edo, fueron recibidos por  cientos de veracruzanos<br><br>Por:Mat\u00edas Melchor S.Voccesver.com\/noticias<br>Boca del R\u00edo, Veracruz.. A 20 de Noviembre  2023.-  Las precandidatas  de Morena a  la presidenta de la rep\u00fablica Claudia Cheinbaum Pardo y de Veracruz Rocio Nahle Garc\u00eda aseguraron que lucharon mucho para lograr este proyecto de la transformaci\u00f3n en el pa\u00eds.<br>Ambas precandidatas estuvieron acompa\u00f1adas de Mario Delgado dirigente  Nacional de  Morena y Manuel Huerta Ladr\u00f3n de Guevara.<br>Ante cientos de veracruzanos que se  dieron cita en el WTC aseguraron que seguir\u00e1n luchando por las mujeres y en beneficios de todos los mexicanos.<br>Reconocier\u00f3n el gran trabajo que viene realizando AMLO en todo el pa\u00eds, sobre todo el de impulsar una pol\u00edtica en apoyo a los m\u00e1s pobres.<br><br><br><br><br><br><br><br><br><br><br><br><br><br><br><br><br><br><br><br><br><br><br><br><br><br><br><br><br><br><br><br><br><br><br><br><br><br><\/p>\n","protected":false},"excerpt":{"rendered":"<p>Estuvieron en el WTC de Boca del R\u00edo, fueron recibidos por cientos de veracruzanos Por:Mat\u00edas Melchor S.Voccesver.com\/noticiasBoca del R\u00edo, Veracruz..<\/p>\n","protected":false},"author":2,"featured_media":41395,"comment_status":"open","ping_status":"open","sticky":false,"template":"","format":"standard","meta":{"colormag_page_container_layout":"default_layout","colormag_page_sidebar_layout":"default_layout","footnotes":""},"categories":[2],"tags":[],"class_list":["post-41387","post","type-post","status-publish","format-standard","has-post-thumbnail","hentry","category-infogral"],"_links":{"self":[{"href":"http:\/\/vocesver.com\/noticias\/wp-json\/wp\/v2\/posts\/41387","targetHints":{"allow":["GET"]}}],"collection":[{"href":"http:\/\/vocesver.com\/noticias\/wp-json\/wp\/v2\/posts"}],"about":[{"href":"http:\/\/vocesver.com\/noticias\/wp-json\/wp\/v2\/types\/post"}],"author":[{"embeddable":true,"href":"http:\/\/vocesver.com\/noticias\/wp-json\/wp\/v2\/users\/2"}],"replies":[{"embeddable":true,"href":"http:\/\/vocesver.com\/noticias\/wp-json\/wp\/v2\/comments?post=41387"}],"version-history":[{"count":3,"href":"http:\/\/vocesver.com\/noticias\/wp-json\/wp\/v2\/posts\/41387\/revisions"}],"predecessor-version":[{"id":41394,"href":"http:\/\/vocesver.com\/noticias\/wp-json\/wp\/v2\/posts\/41387\/revisions\/41394"}],"wp:featuredmedia":[{"embeddable":true,"href":"http:\/\/vocesver.com\/noticias\/wp-json\/wp\/v2\/media\/41395"}],"wp:attachment":[{"href":"http:\/\/vocesver.com\/noticias\/wp-json\/wp\/v2\/media?parent=41387"}],"wp:term":[{"taxonomy":"category","embeddable":true,"href":"http:\/\/vocesver.com\/noticias\/wp-json\/wp\/v2\/categories?post=41387"},{"taxonomy":"post_tag","embeddable":true,"href":"http:\/\/vocesver.com\/noticias\/wp-json\/wp\/v2\/tags?post=41387"}],"curies":[{"name":"wp","href":"https:\/\/api.w.org\/{rel}","templated":true}]}}