{"id":41272,"date":"2023-11-13T21:01:50","date_gmt":"2023-11-13T21:01:50","guid":{"rendered":"http:\/\/vocesver.com\/noticias\/?p=41272"},"modified":"2023-11-13T21:05:18","modified_gmt":"2023-11-13T21:05:18","slug":"el-gobierno-de-veracruz-invita-a-participar-en-la-3ra-feria-del-pasaporte","status":"publish","type":"post","link":"http:\/\/vocesver.com\/noticias\/el-gobierno-de-veracruz-invita-a-participar-en-la-3ra-feria-del-pasaporte\/","title":{"rendered":"El Gobierno de Veracruz invita a participar en la 3ra. Feria del pasaporte"},"content":{"rendered":"\n<p><br>AUSENCIO RIVERA\/VOCESVER.COM\/NOTICIAS<br>Xalapa, Ver., 13 de noviembre de 2023.- El Gobierno del Estado de Veracruz que encabeza el ingeniero Cuitl\u00e1huac Gar\u00eda Jim\u00e9nez, a trav\u00e9s de la Direcci\u00f3n General de Atenci\u00f3n a Migrantes invita a la ciudadan\u00eda a participar en la 3ra. Feria del Pasaporte, un programa especial para la obtenci\u00f3n de pasaporte estadounidense, as\u00ed lo inform\u00f3 el encargado de despacho de la Subsecretar\u00eda de Gobierno, Yair Ademar Dom\u00ednguez V\u00e1zquez.<br><br>Explic\u00f3 que este programa est\u00e1 dirigido a personas que hayan nacido en los Estados Unidos de Norteam\u00e9rica, hijos de padres veracruzanos y que actualmente radican en el estado de Veracruz, ya que el gobierno Americano les reconoce la condici\u00f3n de ciudadanos norteamericanos y les otorga su pasaporte, el cual les puede servir para entrar libremente a la Uni\u00f3n Americana facilitando la continuidad de sus estudios, conseguir becas estudiantiles, trabajar de manera legal o viajar por todo el mundo sin la necesidad de un visado.<br><br>\u201cAdem\u00e1s al cumplir 21 a\u00f1os, estos j\u00f3venes nacidos en Estados Unidos pueden pedir a sus padres para que vivan all\u00e1 con ellos de forma legal, esta es la Tercera Feria que estamos realizando, se tuvieron muy buenos resultados en las dos anteriores y estamos convencidos que de igual forma tendremos mucho \u00e9xito\u201d, expres\u00f3.<br><br>Yair Ademar inform\u00f3 que estas actividades se realizan gracias a la coordinaci\u00f3n del Gobierno de Veracruz con la Oficina de Servicios a Ciudadanos Americanos de la Embajada de los Estados Unidos en M\u00e9xico.<br><br>\u201cPara mayores informes de esta Feria del Pasaporte estamos poniendo a la disposici\u00f3n de la ciudadan\u00eda los tel\u00e9fonos de la Direcci\u00f3n General de Atenci\u00f3n a Migrantes que son:  (228) 812 26 43 y 820 33 19 ext. 110 con el departamento de Enlace y Proyectos en Materia Migratoria para que puedan inscribirse y obtener su pasaporte\u201d finaliz\u00f3.<br><br><br><br><br><br><br><br><br><br><br><br><br><br><br><br><br><br><br><br><br><br><br><br><br><br><\/p>\n","protected":false},"excerpt":{"rendered":"<p>AUSENCIO RIVERA\/VOCESVER.COM\/NOTICIASXalapa, Ver., 13 de noviembre de 2023.- El Gobierno del Estado de Veracruz que encabeza el ingeniero Cuitl\u00e1huac Gar\u00eda<\/p>\n","protected":false},"author":2,"featured_media":41280,"comment_status":"open","ping_status":"open","sticky":false,"template":"","format":"standard","meta":{"colormag_page_container_layout":"default_layout","colormag_page_sidebar_layout":"default_layout","footnotes":""},"categories":[2],"tags":[],"class_list":["post-41272","post","type-post","status-publish","format-standard","has-post-thumbnail","hentry","category-infogral"],"_links":{"self":[{"href":"http:\/\/vocesver.com\/noticias\/wp-json\/wp\/v2\/posts\/41272","targetHints":{"allow":["GET"]}}],"collection":[{"href":"http:\/\/vocesver.com\/noticias\/wp-json\/wp\/v2\/posts"}],"about":[{"href":"http:\/\/vocesver.com\/noticias\/wp-json\/wp\/v2\/types\/post"}],"author":[{"embeddable":true,"href":"http:\/\/vocesver.com\/noticias\/wp-json\/wp\/v2\/users\/2"}],"replies":[{"embeddable":true,"href":"http:\/\/vocesver.com\/noticias\/wp-json\/wp\/v2\/comments?post=41272"}],"version-history":[{"count":2,"href":"http:\/\/vocesver.com\/noticias\/wp-json\/wp\/v2\/posts\/41272\/revisions"}],"predecessor-version":[{"id":41279,"href":"http:\/\/vocesver.com\/noticias\/wp-json\/wp\/v2\/posts\/41272\/revisions\/41279"}],"wp:featuredmedia":[{"embeddable":true,"href":"http:\/\/vocesver.com\/noticias\/wp-json\/wp\/v2\/media\/41280"}],"wp:attachment":[{"href":"http:\/\/vocesver.com\/noticias\/wp-json\/wp\/v2\/media?parent=41272"}],"wp:term":[{"taxonomy":"category","embeddable":true,"href":"http:\/\/vocesver.com\/noticias\/wp-json\/wp\/v2\/categories?post=41272"},{"taxonomy":"post_tag","embeddable":true,"href":"http:\/\/vocesver.com\/noticias\/wp-json\/wp\/v2\/tags?post=41272"}],"curies":[{"name":"wp","href":"https:\/\/api.w.org\/{rel}","templated":true}]}}