{"id":40039,"date":"2023-07-19T21:59:18","date_gmt":"2023-07-19T21:59:18","guid":{"rendered":"http:\/\/vocesver.com\/noticias\/?p=40039"},"modified":"2023-07-19T22:01:00","modified_gmt":"2023-07-19T22:01:00","slug":"destacan-seleccionados-de-kido-taekwondo-en-juegos-nacionales-conade-2023","status":"publish","type":"post","link":"http:\/\/vocesver.com\/noticias\/destacan-seleccionados-de-kido-taekwondo-en-juegos-nacionales-conade-2023\/","title":{"rendered":"Destacan seleccionados de KIDO Taekwondo en Juegos Nacionales CONADE 2023*"},"content":{"rendered":"\n<p><br><br><br><br>*De las 20 medallas obtenidas para Veracruz, 8 fueron ganadas por atletas de KIDO Taekwondo<br><br><br>REDACCI\u00d3N\/VOCESVER.COM\/NOTICIAS<br>(Veracruz, Ver., a 19 de julio de 2023).\u2013 Exitosa participaci\u00f3n registraron artemarcialistas de la instituci\u00f3n KIDO Taekwondo en Juegos Nacionales CONADE 2023, ganando ocho medallas: un oro, una plata y seis metales de bronce, inform\u00f3 su director general y entrenador, Yaseff Zamora Alvarado.<br>Los taekwondo\u00ednes destacados en la edici\u00f3n 2023 de los Juegos Nacionales CONADe efectuados en Villahermosa, Tabasco fueron:<br>Robinson Reyna N\u00fa\u00f1ez \/ Vianey M\u00e9ndez Castillo- Oro en pareja juvenil mixta<br>Montserrat Prado Nales\/ Vianey M\u00e9ndez Castillo- Plata tercia juvenil femenil<br>Jes\u00fas Ruiz Ram\u00edrez- Bronce juvenil 51 kilogramos<br>Atala Mariter Huesca Bueno- Bronce juvenil 68 kilogramos<br>Hanna Mayte Mart\u00ednez Garc\u00eda- Bronce en Poomsae<br>Samantha Hern\u00e1ndez Valladares- Bronce infantil femenil<br>Christopher Gabriel Acu\u00f1a Ramos- Bronce cadetes varonil<br>Karla Monserrat Jim\u00e9nez Contreras- Bronce infantil femenil<br>\u201cEstamos contentos porque los muchachos de la instituci\u00f3n dieron medallas para el estado de Veracruz; gracias a su esfuerzo y al trabajo de sus maestros del equipo KIDO Taekwondo, los profesores Antonio Aguilar, Marco Rodr\u00edguez, \u00c1ngel Ruiz Huerta, Gerardo Hern\u00e1ndez, Sungju Mun, Yaseff Zamora y Ayl\u00edn Rend\u00f3n.<br>Los resultados positivos fueron producto de un trabajo fuerte y s\u00f3lido; brindando muy buenos resultados para el estado de Veracruz y muchachos con muy buena proyecci\u00f3n para poder llegar a selecci\u00f3n nacional en un mediano plazo.<br>Agradecidos con el esfuerzo de cada uno de los maestros, con el apoyo de cada una de las familias y con el estado de Veracruz, seguimos trabajando para el deporte, para la salud y la juventud de Veracruz y sus respectivas familias\u201d, dijo finalmente el director general de KIDO Taekwondo, Yaseff Zamora Alvarado.<br>La pr\u00f3xima competencia para los artemarcialistas de KIDO Taekwondo ser\u00e1 el Nacional G10 que se realizar\u00e1 en Veracruz, en el mes de septiembre del presente a\u00f1o.<br><br><br><br><br><br><br><br><br><br><br><br><br><br><br><br><br><br><br><br><br><br><br><br><br><br><br><br><\/p>\n","protected":false},"excerpt":{"rendered":"<p>*De las 20 medallas obtenidas para Veracruz, 8 fueron ganadas por atletas de KIDO Taekwondo REDACCI\u00d3N\/VOCESVER.COM\/NOTICIAS(Veracruz, Ver., a 19 de<\/p>\n","protected":false},"author":2,"featured_media":40046,"comment_status":"open","ping_status":"open","sticky":false,"template":"","format":"standard","meta":{"colormag_page_container_layout":"default_layout","colormag_page_sidebar_layout":"default_layout","footnotes":""},"categories":[2],"tags":[],"class_list":["post-40039","post","type-post","status-publish","format-standard","has-post-thumbnail","hentry","category-infogral"],"_links":{"self":[{"href":"http:\/\/vocesver.com\/noticias\/wp-json\/wp\/v2\/posts\/40039","targetHints":{"allow":["GET"]}}],"collection":[{"href":"http:\/\/vocesver.com\/noticias\/wp-json\/wp\/v2\/posts"}],"about":[{"href":"http:\/\/vocesver.com\/noticias\/wp-json\/wp\/v2\/types\/post"}],"author":[{"embeddable":true,"href":"http:\/\/vocesver.com\/noticias\/wp-json\/wp\/v2\/users\/2"}],"replies":[{"embeddable":true,"href":"http:\/\/vocesver.com\/noticias\/wp-json\/wp\/v2\/comments?post=40039"}],"version-history":[{"count":2,"href":"http:\/\/vocesver.com\/noticias\/wp-json\/wp\/v2\/posts\/40039\/revisions"}],"predecessor-version":[{"id":40045,"href":"http:\/\/vocesver.com\/noticias\/wp-json\/wp\/v2\/posts\/40039\/revisions\/40045"}],"wp:featuredmedia":[{"embeddable":true,"href":"http:\/\/vocesver.com\/noticias\/wp-json\/wp\/v2\/media\/40046"}],"wp:attachment":[{"href":"http:\/\/vocesver.com\/noticias\/wp-json\/wp\/v2\/media?parent=40039"}],"wp:term":[{"taxonomy":"category","embeddable":true,"href":"http:\/\/vocesver.com\/noticias\/wp-json\/wp\/v2\/categories?post=40039"},{"taxonomy":"post_tag","embeddable":true,"href":"http:\/\/vocesver.com\/noticias\/wp-json\/wp\/v2\/tags?post=40039"}],"curies":[{"name":"wp","href":"https:\/\/api.w.org\/{rel}","templated":true}]}}