{"id":40030,"date":"2023-07-19T21:33:22","date_gmt":"2023-07-19T21:33:22","guid":{"rendered":"http:\/\/vocesver.com\/noticias\/?p=40030"},"modified":"2023-07-19T21:35:09","modified_gmt":"2023-07-19T21:35:09","slug":"claudia-sheinbaum-respalda-y-apoya-a-los-jovenes-de-mexico","status":"publish","type":"post","link":"http:\/\/vocesver.com\/noticias\/claudia-sheinbaum-respalda-y-apoya-a-los-jovenes-de-mexico\/","title":{"rendered":"Claudia Sheinbaum respalda y apoya a los j\u00f3venes de M\u00e9xico"},"content":{"rendered":"\n<p><br>AUSENCIO RIVERA\/VOCESVER.COM\/NOTICIAS<br><br>Xalapa, Ver.- a19 de Julio 2023.-  Los j\u00f3venes somos el presente de M\u00e9xico, parte activa de la vida p\u00fablica del pa\u00eds y comprometidos, porque estamos conscientes de la importancia de nuestra participaci\u00f3n, somos luchadores, somos parte de la transformaci\u00f3n de M\u00e9xico, expres\u00f3 el diputado por el distrito XII, con cabecera en Coatepec Luis Ronaldo Z\u00e1rate D\u00edaz.<br><br>Dijo que Claudia Sheinbaum Pardo est\u00e1 preocupada y ocupada por los j\u00f3venes, brind\u00e1ndoles oportunidades para su desarrollo, que les permita un mejor futuro.<br><br>Adem\u00e1s dijo que las mujeres tienen la energ\u00eda y las ganas de cambiar las cosas, de continuar con la transformaci\u00f3n, \u201cla doctora Claudia Sheinbaum es ejemplo de mujer preparada que sin duda alguna trabajar\u00e1 d\u00eda a d\u00eda para continuar con el proyecto de naci\u00f3n, que encabeza el Presidente Andr\u00e9s Manuel L\u00f3pez Obrador\u201d.<br><br>\u201cClaudia Sheinbaum muestra que la transformaci\u00f3n no se detendr\u00e1.  Veracruz es parteaguas en la equidad, ya que es un estado que cuenta con un n\u00famero muy alto de mujeres ocupando alg\u00fan cargo p\u00fablico, de esta manera se puede dar el ejemplo a nivel nacional para lo que el pa\u00eds est\u00e1 por vivir, se aproxima la primera presidenta de M\u00e9xico y ser\u00e1 un hecho hist\u00f3rico\u201d expres\u00f3.<br><br>El diputado Luis Ronaldo coment\u00f3 que debemos resaltar los proyectos que se hicieron realidad en la Ciudad de M\u00e9xico, pues Claudia Sheinbaum como jefa de gobierno logr\u00f3 dejar huella en rubros que siempre tuvieron un rezago como lo es la seguridad, el desarrollo social y econ\u00f3mico entre otros temas.<br><br>\u201cQueremos que esos logros que hoy en d\u00eda son una realidad los pueda replicar a lo largo del territorio nacional, es por eso que Claudia es la mejor opci\u00f3n para continuar con el proceso de transformaci\u00f3n en este pa\u00eds\u201d finaliz\u00f3.<br><br><br><br><br><br><br><br><br><br><br><br><br><br><br><br><br><br><br><br><br><br><br><br><br><br><br><br><br><\/p>\n","protected":false},"excerpt":{"rendered":"<p>AUSENCIO RIVERA\/VOCESVER.COM\/NOTICIAS Xalapa, Ver.- a19 de Julio 2023.- Los j\u00f3venes somos el presente de M\u00e9xico, parte activa de la vida<\/p>\n","protected":false},"author":2,"featured_media":40037,"comment_status":"open","ping_status":"open","sticky":false,"template":"","format":"standard","meta":{"colormag_page_container_layout":"default_layout","colormag_page_sidebar_layout":"default_layout","footnotes":""},"categories":[2],"tags":[],"class_list":["post-40030","post","type-post","status-publish","format-standard","has-post-thumbnail","hentry","category-infogral"],"_links":{"self":[{"href":"http:\/\/vocesver.com\/noticias\/wp-json\/wp\/v2\/posts\/40030","targetHints":{"allow":["GET"]}}],"collection":[{"href":"http:\/\/vocesver.com\/noticias\/wp-json\/wp\/v2\/posts"}],"about":[{"href":"http:\/\/vocesver.com\/noticias\/wp-json\/wp\/v2\/types\/post"}],"author":[{"embeddable":true,"href":"http:\/\/vocesver.com\/noticias\/wp-json\/wp\/v2\/users\/2"}],"replies":[{"embeddable":true,"href":"http:\/\/vocesver.com\/noticias\/wp-json\/wp\/v2\/comments?post=40030"}],"version-history":[{"count":2,"href":"http:\/\/vocesver.com\/noticias\/wp-json\/wp\/v2\/posts\/40030\/revisions"}],"predecessor-version":[{"id":40036,"href":"http:\/\/vocesver.com\/noticias\/wp-json\/wp\/v2\/posts\/40030\/revisions\/40036"}],"wp:featuredmedia":[{"embeddable":true,"href":"http:\/\/vocesver.com\/noticias\/wp-json\/wp\/v2\/media\/40037"}],"wp:attachment":[{"href":"http:\/\/vocesver.com\/noticias\/wp-json\/wp\/v2\/media?parent=40030"}],"wp:term":[{"taxonomy":"category","embeddable":true,"href":"http:\/\/vocesver.com\/noticias\/wp-json\/wp\/v2\/categories?post=40030"},{"taxonomy":"post_tag","embeddable":true,"href":"http:\/\/vocesver.com\/noticias\/wp-json\/wp\/v2\/tags?post=40030"}],"curies":[{"name":"wp","href":"https:\/\/api.w.org\/{rel}","templated":true}]}}