{"id":40019,"date":"2023-07-19T21:25:23","date_gmt":"2023-07-19T21:25:23","guid":{"rendered":"http:\/\/vocesver.com\/noticias\/?p=40019"},"modified":"2023-07-19T22:19:49","modified_gmt":"2023-07-19T22:19:49","slug":"beneplacito-en-el-gremio-maritimo-por-el-nombramiento-del-nuevo-secretario-general-de-la-omi","status":"publish","type":"post","link":"http:\/\/vocesver.com\/noticias\/beneplacito-en-el-gremio-maritimo-por-el-nombramiento-del-nuevo-secretario-general-de-la-omi\/","title":{"rendered":"BENEPL\u00c1CITO EN EL GREMIO MAR\u00cdTIMO POR EL NOMBRAMIENTO DEL NUEVO SECRETARIO GENERAL DE LA OMI."},"content":{"rendered":"\n<p><br><br><br>Es el primer latinoamericano en ser elegido para esa posici\u00f3n.<br>REDACCI\u00d3N VOCESVER.COM\/NOTICIAS<br>Veracruz,Ver,. a  19 de Julio 2023.- Hay benepl\u00e1cito en el gremio de los marinos mercantes del puerto de Veracruz por el nuevo nombramiento que se le di\u00f3 al Arquitecto Naval Paname\u00f1o Arsenio Antonio Dom\u00ednguez Velasco quien ser\u00e1 el pr\u00f3ximo secretario general de la OMI. Es egresado de la Universidad Veracruzana y por lo mismo es muy conocido en el puerto jarocho. En la gr\u00e1fica el nuevo secretario general de la OMI aparece acompa\u00f1ado del Capit\u00e1n Santiago Garc\u00eda de la Orden Mexicana de Profesionales Mar\u00edtimos y Portuarios y la Embajadora  Aureny Aguirre, ex representante Permanente Alterna de M\u00e9xico ante la Organizaci\u00f3n Mar\u00edtima Internacional, actualmente es Miembro de la Junta de Gobernadores de la Universidad Mar\u00edtima Mundial, con sede en Malmo,Suecia.-Foto Santiago GARC\u00cdA.<br><br><br><br><br><br><br><br><br><br><br><br><br><br><br><br><br><br><br><br><br><br><br><\/p>\n","protected":false},"excerpt":{"rendered":"<p>Es el primer latinoamericano en ser elegido para esa posici\u00f3n.REDACCI\u00d3N VOCESVER.COM\/NOTICIASVeracruz,Ver,. a 19 de Julio 2023.- Hay benepl\u00e1cito en el<\/p>\n","protected":false},"author":2,"featured_media":40032,"comment_status":"open","ping_status":"open","sticky":false,"template":"","format":"standard","meta":{"colormag_page_container_layout":"default_layout","colormag_page_sidebar_layout":"default_layout","footnotes":""},"categories":[2],"tags":[],"class_list":["post-40019","post","type-post","status-publish","format-standard","has-post-thumbnail","hentry","category-infogral"],"_links":{"self":[{"href":"http:\/\/vocesver.com\/noticias\/wp-json\/wp\/v2\/posts\/40019","targetHints":{"allow":["GET"]}}],"collection":[{"href":"http:\/\/vocesver.com\/noticias\/wp-json\/wp\/v2\/posts"}],"about":[{"href":"http:\/\/vocesver.com\/noticias\/wp-json\/wp\/v2\/types\/post"}],"author":[{"embeddable":true,"href":"http:\/\/vocesver.com\/noticias\/wp-json\/wp\/v2\/users\/2"}],"replies":[{"embeddable":true,"href":"http:\/\/vocesver.com\/noticias\/wp-json\/wp\/v2\/comments?post=40019"}],"version-history":[{"count":4,"href":"http:\/\/vocesver.com\/noticias\/wp-json\/wp\/v2\/posts\/40019\/revisions"}],"predecessor-version":[{"id":40048,"href":"http:\/\/vocesver.com\/noticias\/wp-json\/wp\/v2\/posts\/40019\/revisions\/40048"}],"wp:featuredmedia":[{"embeddable":true,"href":"http:\/\/vocesver.com\/noticias\/wp-json\/wp\/v2\/media\/40032"}],"wp:attachment":[{"href":"http:\/\/vocesver.com\/noticias\/wp-json\/wp\/v2\/media?parent=40019"}],"wp:term":[{"taxonomy":"category","embeddable":true,"href":"http:\/\/vocesver.com\/noticias\/wp-json\/wp\/v2\/categories?post=40019"},{"taxonomy":"post_tag","embeddable":true,"href":"http:\/\/vocesver.com\/noticias\/wp-json\/wp\/v2\/tags?post=40019"}],"curies":[{"name":"wp","href":"https:\/\/api.w.org\/{rel}","templated":true}]}}