{"id":40013,"date":"2023-07-18T22:32:20","date_gmt":"2023-07-18T22:32:20","guid":{"rendered":"http:\/\/vocesver.com\/noticias\/?p=40013"},"modified":"2023-07-18T22:38:10","modified_gmt":"2023-07-18T22:38:10","slug":"protestan-madres-de-familia-en-el-zocalo-por-cierre-de-la-estancia-del-issste-o73","status":"publish","type":"post","link":"http:\/\/vocesver.com\/noticias\/protestan-madres-de-familia-en-el-zocalo-por-cierre-de-la-estancia-del-issste-o73\/","title":{"rendered":"PROTESTAN MADRES DE FAMILIA EN EL Z\u00d3CALO POR CIERRE DE LA ESTANCIA DEL ISSSTE O73."},"content":{"rendered":"\n<p>Exigen el servicio en otras estancias mientras concluyen los trabajos de mantenimiento.<br>Adem\u00e1s les siguen descontando el pago del servicio v\u00eda n\u00f3mina se\u00f1alan.<\/p>\n\n\n\n<p>M\u00e1s de 100 ni\u00f1os los afectados, los padres est\u00e1n desesperados.<br>AUSENCIO RIVERA\/VOCESVER.COM\/NOTICIA<br><br>VERACRUZ,VER,. A 18  de Julio 2023.- La ma\u00f1ana de este martes un grupo de madres de familia se manifestar\u00f3n en el Z\u00f3calo de Veracruz en protesta porque las autoridades del ISSSTE les cerraron la Estancia Infantil 073 por cuestiones de mantenimiento afectando con ello a m\u00e1s de  100 ni\u00f1os que ahora sus progenitores no tienen en donde dejarlos.<br>Al respecto Merle Alcocer Moreno madre de familia explic\u00f3 que ellos demandan que se respete el Art. 44 del Issste que establece que en estos casos la instituci\u00f3n est\u00e1 obligada a prestarles el servicios en otras estancias para no afectar a la ni\u00f1ez.<br>Sin embargo ya tienen varios d\u00edas y no les han dado ninguna respuesta satisfactoria a sus demandas.<br>\u00abNosotros exigimos una soluci\u00f3n inmediata a esta problem\u00e1tica que nos acarrea serios trastornos a todos los padres de familia\u00bb subrray\u00f3.<br>Pedimos que mientras concluyen los trabajos de mantenimiento de esta estancia  que nos otorguen el servicio subrogado en otras estancias infantiles para que nuestros hijos no se vean afectados.<br>Adem\u00e1s el pago de la estancia en mantenimiento no los siguen cobrando v\u00eda  n\u00f3mina coment\u00f3 una de las progenitoras participantes en esta protesta.<br>Antes el grupo de madres inconformes por esta situaci\u00f3n concedieron a los medios de comunicaci\u00f3n una rueda de prensa en c\u00e9ntrico caf\u00e9 del puerto de Veracruz.<br><br><br><br><br><br><br><br><br><br><br><br><br><br><br><br><br><br><br><\/p>\n","protected":false},"excerpt":{"rendered":"<p>Exigen el servicio en otras estancias mientras concluyen los trabajos de mantenimiento.Adem\u00e1s les siguen descontando el pago del servicio v\u00eda<\/p>\n","protected":false},"author":2,"featured_media":40026,"comment_status":"open","ping_status":"open","sticky":false,"template":"","format":"standard","meta":{"colormag_page_container_layout":"default_layout","colormag_page_sidebar_layout":"default_layout","footnotes":""},"categories":[2],"tags":[],"class_list":["post-40013","post","type-post","status-publish","format-standard","has-post-thumbnail","hentry","category-infogral"],"_links":{"self":[{"href":"http:\/\/vocesver.com\/noticias\/wp-json\/wp\/v2\/posts\/40013","targetHints":{"allow":["GET"]}}],"collection":[{"href":"http:\/\/vocesver.com\/noticias\/wp-json\/wp\/v2\/posts"}],"about":[{"href":"http:\/\/vocesver.com\/noticias\/wp-json\/wp\/v2\/types\/post"}],"author":[{"embeddable":true,"href":"http:\/\/vocesver.com\/noticias\/wp-json\/wp\/v2\/users\/2"}],"replies":[{"embeddable":true,"href":"http:\/\/vocesver.com\/noticias\/wp-json\/wp\/v2\/comments?post=40013"}],"version-history":[{"count":5,"href":"http:\/\/vocesver.com\/noticias\/wp-json\/wp\/v2\/posts\/40013\/revisions"}],"predecessor-version":[{"id":40025,"href":"http:\/\/vocesver.com\/noticias\/wp-json\/wp\/v2\/posts\/40013\/revisions\/40025"}],"wp:featuredmedia":[{"embeddable":true,"href":"http:\/\/vocesver.com\/noticias\/wp-json\/wp\/v2\/media\/40026"}],"wp:attachment":[{"href":"http:\/\/vocesver.com\/noticias\/wp-json\/wp\/v2\/media?parent=40013"}],"wp:term":[{"taxonomy":"category","embeddable":true,"href":"http:\/\/vocesver.com\/noticias\/wp-json\/wp\/v2\/categories?post=40013"},{"taxonomy":"post_tag","embeddable":true,"href":"http:\/\/vocesver.com\/noticias\/wp-json\/wp\/v2\/tags?post=40013"}],"curies":[{"name":"wp","href":"https:\/\/api.w.org\/{rel}","templated":true}]}}