{"id":40006,"date":"2023-07-18T22:02:38","date_gmt":"2023-07-18T22:02:38","guid":{"rendered":"http:\/\/vocesver.com\/noticias\/?p=40006"},"modified":"2023-07-18T22:07:45","modified_gmt":"2023-07-18T22:07:45","slug":"desalojan-grandes-cantidades-de-basura-de-las-alcantarillas-del-puerto","status":"publish","type":"post","link":"http:\/\/vocesver.com\/noticias\/desalojan-grandes-cantidades-de-basura-de-las-alcantarillas-del-puerto\/","title":{"rendered":"DESALOJAN GRANDES CANTIDADES DE BASURA DE LAS ALCANTARILLAS DEL PUERTO."},"content":{"rendered":"\n<p>Hace falta m\u00e1s conciencia de parte de la poblaci\u00f3n y de las mismas autoridades del municipio.<\/p>\n\n\n\n<p>AUSENCIO RIVERA\/VOCESVER.COM\/NOTICIAS<br>Veracruz,Ver,. a 18 de Julio 2023,. .Desde hace varios d\u00edas trabajadores del municipio de Veracruz se han dado a la tarea de desazolvar alcantarillas y atarjeas para evitar inundaciones ahora que se han intensificado las lluvias en el puerto jarocho.<br>En la esquina de Landero y Coss los trabajadores llevan m\u00e1s de tres d\u00edas haciendo estas tareas y se han encontrado que estos espacios se encuentran repletos de lodo y sobre todo basura como vasos de pl\u00e1stico,botellas, bolsas entre otras cosas que la misma gente arroja a las calles sin pensar en las consecuencias que eso ocasiona.<br>Ante ello los trabajadores exhortan a la ciudadan\u00eda a que pongan la basura en su lugar para evitar que estas se tapen y provoquen inundaciones.<br>Indicar\u00f3n que en este lugar han retirado por lo menos m\u00e1s de media tonelada de estos desechos.<br>Por otra parte en G\u00f3mez Far\u00edas, esquina Serd\u00e1n tambi\u00e9n se esta realizando este tipo de limpieza y en este lugar tambi\u00e9n se han recolectado grandes cantidades de basura similar al primer caso.<br>Por ello es importante que todos hagamos m\u00e1s conciencia y tengamos mucho cuidado con la basura para evitar que nuestras calles se inunden una vez que arrecien las lluvias.<br><br><br><br><br><br><br><br><br><br><br><br><br><br><br><br><br><br><br><br><br><br><br><br><br><br><br><\/p>\n","protected":false},"excerpt":{"rendered":"<p>Hace falta m\u00e1s conciencia de parte de la poblaci\u00f3n y de las mismas autoridades del municipio. AUSENCIO RIVERA\/VOCESVER.COM\/NOTICIASVeracruz,Ver,. a 18<\/p>\n","protected":false},"author":2,"featured_media":40017,"comment_status":"open","ping_status":"open","sticky":false,"template":"","format":"standard","meta":{"colormag_page_container_layout":"default_layout","colormag_page_sidebar_layout":"default_layout","footnotes":""},"categories":[2],"tags":[],"class_list":["post-40006","post","type-post","status-publish","format-standard","has-post-thumbnail","hentry","category-infogral"],"_links":{"self":[{"href":"http:\/\/vocesver.com\/noticias\/wp-json\/wp\/v2\/posts\/40006","targetHints":{"allow":["GET"]}}],"collection":[{"href":"http:\/\/vocesver.com\/noticias\/wp-json\/wp\/v2\/posts"}],"about":[{"href":"http:\/\/vocesver.com\/noticias\/wp-json\/wp\/v2\/types\/post"}],"author":[{"embeddable":true,"href":"http:\/\/vocesver.com\/noticias\/wp-json\/wp\/v2\/users\/2"}],"replies":[{"embeddable":true,"href":"http:\/\/vocesver.com\/noticias\/wp-json\/wp\/v2\/comments?post=40006"}],"version-history":[{"count":3,"href":"http:\/\/vocesver.com\/noticias\/wp-json\/wp\/v2\/posts\/40006\/revisions"}],"predecessor-version":[{"id":40016,"href":"http:\/\/vocesver.com\/noticias\/wp-json\/wp\/v2\/posts\/40006\/revisions\/40016"}],"wp:featuredmedia":[{"embeddable":true,"href":"http:\/\/vocesver.com\/noticias\/wp-json\/wp\/v2\/media\/40017"}],"wp:attachment":[{"href":"http:\/\/vocesver.com\/noticias\/wp-json\/wp\/v2\/media?parent=40006"}],"wp:term":[{"taxonomy":"category","embeddable":true,"href":"http:\/\/vocesver.com\/noticias\/wp-json\/wp\/v2\/categories?post=40006"},{"taxonomy":"post_tag","embeddable":true,"href":"http:\/\/vocesver.com\/noticias\/wp-json\/wp\/v2\/tags?post=40006"}],"curies":[{"name":"wp","href":"https:\/\/api.w.org\/{rel}","templated":true}]}}