{"id":39998,"date":"2023-07-18T21:14:54","date_gmt":"2023-07-18T21:14:54","guid":{"rendered":"http:\/\/vocesver.com\/noticias\/?p=39998"},"modified":"2023-07-19T00:31:27","modified_gmt":"2023-07-19T00:31:27","slug":"egresado-de-la-universidad-veracruzananuevo-secretario-general-de-la-omi","status":"publish","type":"post","link":"http:\/\/vocesver.com\/noticias\/egresado-de-la-universidad-veracruzananuevo-secretario-general-de-la-omi\/","title":{"rendered":"EGRESADO DE LA UNIVERSIDAD VERACRUZANA,NUEVO SECRETARIO GENERAL DE LA OMI."},"content":{"rendered":"\n<p><br>Es el primer Latinoamericano en ser elegido para esa posici\u00f3n y tiene un gran aprecio por M\u00e9xico.<br><br>AUSENCIO RIVERA\/VOCESVER.COM\/NOTICIAS<br><br>Veracruz,Ver,. a  18 de Julio 2023.-De acuerdo con informaci\u00f3n que circula en redes internacionales como Interporto Padova SPA entre otros el paname\u00f1o Arsenio Antonio Dom\u00ednguez Velasco, ser\u00e1 el pr\u00f3ximo Secretario General de la Organizaci\u00f3n Mar\u00edtima Internacional(OMI) para el periodo de 4 a\u00f1os 2024-2027.<br><br>El arquitecto paname\u00f1o egres\u00f3 de ingeniero naval de la Universidad Veracruzana y es muy conocido en el gremio de los marinos mercantes del puerto de Veracruz.<br><br>El nombramiento, que fue aprobado hoy por el Consejo de la OMI,que ser\u00e1 ratificado por la Asamblea del Organismo de las Naciones Unidas.<br>Dom\u00ednguez Velasco ,que cuenta con m\u00e1s de 25 a\u00f1os de experiencia en el sector mar\u00edtimo,ha sido embajador y representante de Panam\u00e1 permanente en la OMI,ocup\u00f3 el cargo de Presidente del Comit\u00e9 de Protecci\u00f3n del Medio Marino(MEPC)de la misma Organizaci\u00f3n Marr\u00edtima Internacional y actualmente es Director de la Divisi\u00f3n de Protecci\u00f3n del Medio Ambiente Marino de la OMI.<br><br>El primero de enero del pr\u00f3ximo a\u00f1o Dom\u00ednguez Velasco suceder\u00e1 al actual Secretario General de la Rep\u00fablica de Corea Kitack Lim.<br><br>Cabe resaltar que en el gremio de los marinos mercante hay benepl\u00e1cito por dicho nombramiento que se da a un egresado de la Universidad Veracruzana.<br><br><br><br><br><br><br><br><br><br><br><\/p>\n","protected":false},"excerpt":{"rendered":"<p>Es el primer Latinoamericano en ser elegido para esa posici\u00f3n y tiene un gran aprecio por M\u00e9xico. AUSENCIO RIVERA\/VOCESVER.COM\/NOTICIAS Veracruz,Ver,.<\/p>\n","protected":false},"author":2,"featured_media":40004,"comment_status":"open","ping_status":"open","sticky":false,"template":"","format":"standard","meta":{"colormag_page_container_layout":"default_layout","colormag_page_sidebar_layout":"default_layout","footnotes":""},"categories":[6],"tags":[],"class_list":["post-39998","post","type-post","status-publish","format-standard","has-post-thumbnail","hentry","category-internacional"],"_links":{"self":[{"href":"http:\/\/vocesver.com\/noticias\/wp-json\/wp\/v2\/posts\/39998","targetHints":{"allow":["GET"]}}],"collection":[{"href":"http:\/\/vocesver.com\/noticias\/wp-json\/wp\/v2\/posts"}],"about":[{"href":"http:\/\/vocesver.com\/noticias\/wp-json\/wp\/v2\/types\/post"}],"author":[{"embeddable":true,"href":"http:\/\/vocesver.com\/noticias\/wp-json\/wp\/v2\/users\/2"}],"replies":[{"embeddable":true,"href":"http:\/\/vocesver.com\/noticias\/wp-json\/wp\/v2\/comments?post=39998"}],"version-history":[{"count":4,"href":"http:\/\/vocesver.com\/noticias\/wp-json\/wp\/v2\/posts\/39998\/revisions"}],"predecessor-version":[{"id":40028,"href":"http:\/\/vocesver.com\/noticias\/wp-json\/wp\/v2\/posts\/39998\/revisions\/40028"}],"wp:featuredmedia":[{"embeddable":true,"href":"http:\/\/vocesver.com\/noticias\/wp-json\/wp\/v2\/media\/40004"}],"wp:attachment":[{"href":"http:\/\/vocesver.com\/noticias\/wp-json\/wp\/v2\/media?parent=39998"}],"wp:term":[{"taxonomy":"category","embeddable":true,"href":"http:\/\/vocesver.com\/noticias\/wp-json\/wp\/v2\/categories?post=39998"},{"taxonomy":"post_tag","embeddable":true,"href":"http:\/\/vocesver.com\/noticias\/wp-json\/wp\/v2\/tags?post=39998"}],"curies":[{"name":"wp","href":"https:\/\/api.w.org\/{rel}","templated":true}]}}