{"id":39989,"date":"2023-07-18T20:37:38","date_gmt":"2023-07-18T20:37:38","guid":{"rendered":"http:\/\/vocesver.com\/noticias\/?p=39989"},"modified":"2023-07-18T20:40:43","modified_gmt":"2023-07-18T20:40:43","slug":"emotivo-recibimiento-de-parte-de-la-militancia-a-monrreal","status":"publish","type":"post","link":"http:\/\/vocesver.com\/noticias\/emotivo-recibimiento-de-parte-de-la-militancia-a-monrreal\/","title":{"rendered":"EMOTIVO RECIBIMIENTO DE PARTE DE LA MILITANCIA A MONRREAL."},"content":{"rendered":"\n<p>REDACCI\u00d3N\/VOCESVER.COM\/NOTICIAS<br><br><br>San Jos\u00e9 del Cabo. A 18 de Julio 2023,. En asamblea informativa en este lugar el aspirante a la Coordinaci\u00f3n de los Comit\u00e9s para la Defensa de la Cuarta Transformaci\u00f3n, Ricardo Monrreal \u00c1vila recibi\u00f3 un emotivo recibimiento de parte de la militancia. Foto Ausencio RIVERA.<br><br><br><br><br><br><br><br><br><br><br><br><br><br><br><br><br><br><br><br><br><br><br><br><br><\/p>\n","protected":false},"excerpt":{"rendered":"<p>REDACCI\u00d3N\/VOCESVER.COM\/NOTICIAS San Jos\u00e9 del Cabo. A 18 de Julio 2023,. En asamblea informativa en este lugar el aspirante a la<\/p>\n","protected":false},"author":2,"featured_media":40000,"comment_status":"open","ping_status":"open","sticky":false,"template":"","format":"standard","meta":{"colormag_page_container_layout":"default_layout","colormag_page_sidebar_layout":"default_layout","footnotes":""},"categories":[5],"tags":[],"class_list":["post-39989","post","type-post","status-publish","format-standard","has-post-thumbnail","hentry","category-nacional"],"_links":{"self":[{"href":"http:\/\/vocesver.com\/noticias\/wp-json\/wp\/v2\/posts\/39989","targetHints":{"allow":["GET"]}}],"collection":[{"href":"http:\/\/vocesver.com\/noticias\/wp-json\/wp\/v2\/posts"}],"about":[{"href":"http:\/\/vocesver.com\/noticias\/wp-json\/wp\/v2\/types\/post"}],"author":[{"embeddable":true,"href":"http:\/\/vocesver.com\/noticias\/wp-json\/wp\/v2\/users\/2"}],"replies":[{"embeddable":true,"href":"http:\/\/vocesver.com\/noticias\/wp-json\/wp\/v2\/comments?post=39989"}],"version-history":[{"count":2,"href":"http:\/\/vocesver.com\/noticias\/wp-json\/wp\/v2\/posts\/39989\/revisions"}],"predecessor-version":[{"id":39999,"href":"http:\/\/vocesver.com\/noticias\/wp-json\/wp\/v2\/posts\/39989\/revisions\/39999"}],"wp:featuredmedia":[{"embeddable":true,"href":"http:\/\/vocesver.com\/noticias\/wp-json\/wp\/v2\/media\/40000"}],"wp:attachment":[{"href":"http:\/\/vocesver.com\/noticias\/wp-json\/wp\/v2\/media?parent=39989"}],"wp:term":[{"taxonomy":"category","embeddable":true,"href":"http:\/\/vocesver.com\/noticias\/wp-json\/wp\/v2\/categories?post=39989"},{"taxonomy":"post_tag","embeddable":true,"href":"http:\/\/vocesver.com\/noticias\/wp-json\/wp\/v2\/tags?post=39989"}],"curies":[{"name":"wp","href":"https:\/\/api.w.org\/{rel}","templated":true}]}}