{"id":39280,"date":"2023-05-24T23:13:34","date_gmt":"2023-05-24T23:13:34","guid":{"rendered":"http:\/\/vocesver.com\/noticias\/?p=39280"},"modified":"2023-05-24T23:17:34","modified_gmt":"2023-05-24T23:17:34","slug":"300-mil-motciclistas-se-veran-beneficiados-con-descuentos-al-emplacar-sus-unidadesorlando-perez","status":"publish","type":"post","link":"http:\/\/vocesver.com\/noticias\/300-mil-motciclistas-se-veran-beneficiados-con-descuentos-al-emplacar-sus-unidadesorlando-perez\/","title":{"rendered":"300 MIL MOTCICLISTAS SE VER\u00c1N BENEFICIADOS CON DESCUENTOS AL EMPLACAR SUS UNIDADES:ORLANDO P\u00c9REZ"},"content":{"rendered":"\n<p><br>Esto se acord\u00f3 con Gobierno del Estado.<br>Tambi\u00e9n buscan se les derogue el pago de la tenencia.<br>Hay elementos para quitarla en este gremio:Aseguran.<br><br>AUSENCIO RIVERA\/VOCESVER.COM\/NOTICIA<br><br>Veracruz,Ver.- a  24 de Mayo 2023.-Por lo menos 300 mil motociclistas del Estado de Veracruz se ver\u00e1n beneficiados con los descuentos  en el emplacamiento que obtuvo el Grupo de Motociclistas Jinetes Motorizados con el Gobierno del Estado.<br><br>Lo anterior lo dio a conocer Juan Orlando P\u00e9rez Matus presidente del Grupo de Motociclistas Jinetes Motorizados e Integrante del Movimiento Social de Motociclistas de Veracruz.<br>En conferencia de medios  explic\u00f3 que este acuerdo solo beneficia a motos que no tienen placas,sin embargo se est\u00e1  buscando reemplacar y regularizar las motocicletas que ya tiene placas para que tambi\u00e9n obtenga ese beneficio. <br>De igual manera seguiremos insistiendo con el Gobierno del Estado para que se nos derogue la tenencia y \u00abvamos a impulsar la propuesta del presidente de la Comisi\u00f3n del Transporte,Transito y Vialidad del Congreso del Estado para lograr reducir al 50 % el costo del emplacamiento de nuestras motocicletas\u00bb.<br>El representante de los motociclistas reconoci\u00f3 que si hay elementos suficientes para que se derogue la tenencia en el sector de los motociclistas,pues muchos de ellos van al d\u00eda y sobreviven con lo que logran vender en las comunidades rurales.<br><br><br><br><br><br><br><br><br><br><br><br><br><br><br><br><br><br><br><br><br><br><br><br><br><br><br><br><br><br><br><br><br><\/p>\n","protected":false},"excerpt":{"rendered":"<p>Esto se acord\u00f3 con Gobierno del Estado.Tambi\u00e9n buscan se les derogue el pago de la tenencia.Hay elementos para quitarla en<\/p>\n","protected":false},"author":2,"featured_media":39290,"comment_status":"open","ping_status":"open","sticky":false,"template":"","format":"standard","meta":{"colormag_page_container_layout":"default_layout","colormag_page_sidebar_layout":"default_layout","footnotes":""},"categories":[2],"tags":[],"class_list":["post-39280","post","type-post","status-publish","format-standard","has-post-thumbnail","hentry","category-infogral"],"_links":{"self":[{"href":"http:\/\/vocesver.com\/noticias\/wp-json\/wp\/v2\/posts\/39280","targetHints":{"allow":["GET"]}}],"collection":[{"href":"http:\/\/vocesver.com\/noticias\/wp-json\/wp\/v2\/posts"}],"about":[{"href":"http:\/\/vocesver.com\/noticias\/wp-json\/wp\/v2\/types\/post"}],"author":[{"embeddable":true,"href":"http:\/\/vocesver.com\/noticias\/wp-json\/wp\/v2\/users\/2"}],"replies":[{"embeddable":true,"href":"http:\/\/vocesver.com\/noticias\/wp-json\/wp\/v2\/comments?post=39280"}],"version-history":[{"count":3,"href":"http:\/\/vocesver.com\/noticias\/wp-json\/wp\/v2\/posts\/39280\/revisions"}],"predecessor-version":[{"id":39289,"href":"http:\/\/vocesver.com\/noticias\/wp-json\/wp\/v2\/posts\/39280\/revisions\/39289"}],"wp:featuredmedia":[{"embeddable":true,"href":"http:\/\/vocesver.com\/noticias\/wp-json\/wp\/v2\/media\/39290"}],"wp:attachment":[{"href":"http:\/\/vocesver.com\/noticias\/wp-json\/wp\/v2\/media?parent=39280"}],"wp:term":[{"taxonomy":"category","embeddable":true,"href":"http:\/\/vocesver.com\/noticias\/wp-json\/wp\/v2\/categories?post=39280"},{"taxonomy":"post_tag","embeddable":true,"href":"http:\/\/vocesver.com\/noticias\/wp-json\/wp\/v2\/tags?post=39280"}],"curies":[{"name":"wp","href":"https:\/\/api.w.org\/{rel}","templated":true}]}}