{"id":39276,"date":"2023-05-24T22:24:56","date_gmt":"2023-05-24T22:24:56","guid":{"rendered":"http:\/\/vocesver.com\/noticias\/?p=39276"},"modified":"2023-05-24T22:28:17","modified_gmt":"2023-05-24T22:28:17","slug":"alista-taekwondoina-barbara-mendez-de-la-sancha-participacion-en-juegos-nacionales-conade-2023","status":"publish","type":"post","link":"http:\/\/vocesver.com\/noticias\/alista-taekwondoina-barbara-mendez-de-la-sancha-participacion-en-juegos-nacionales-conade-2023\/","title":{"rendered":"*Alista taekwondo\u00edna B\u00e1rbara M\u00e9ndez de la Sancha participaci\u00f3n en Juegos Nacionales Conade 2023*"},"content":{"rendered":"\n<p>La veracruzana ha entrenado excelente, externa el entrenador Rafael Ortiz Villalvazo-<br><br><br>REDACCI\u00d3N\/VOCESVER.COM\/NOTICIAS<br>(Boca del R\u00edo, Ver., a 24 de mayo de 2023).\u2013 La taekwondo\u00edna B\u00e1rbara Regina M\u00e9ndez de la Sancha alista su participaci\u00f3n representando a la entidad en los Juegos Nacionales Conade 2023 que se disputar\u00e1n a finales de junio y principios de julio en Tabasco.<br>\u201cSeguimos con la preparaci\u00f3n, estamos afinando algunos detalles, de cara a los Juegos Nacionales Conade, nos falta un mes; hemos entrenado todos los d\u00edas, los fines de semana entrenamos con Podium, hemos entrenado con la selecci\u00f3n estatal.<br>Ahorita tenemos una competencia de preparaci\u00f3n en dos semanas, ser\u00e1 en Quer\u00e9taro, ah\u00ed nos vamos a medir con otros estados para terminar de ver y analizar a posibles rivales que podamos encontrarnos en los Nacionales Conade 2023.<br>Despu\u00e9s de esa competencia, regresamos a Veracruz y seguiremos afinando la estrategia, viajaremos el 30 de junio a Tabasco, enfocados en la competencia para traernos la medalla y dar lo mejor\u201d, dijo la embajadora de Olympic Center Boca.<br>\u201cLa selecci\u00f3n estatal volvi\u00f3 a convocar a los atletas para entrenamientos rumbo a Juegos Conade; nosotros acudiremos a una competencia de preparaci\u00f3n en Quer\u00e9taro los d\u00edas 3 y 4 de junio<br>Tambien buscamos la posibilidad de que el municipio de Boca del R\u00edo nos apoye para poder competir en un torneo internacional, el Abierto de Costa Rica que ser\u00e1 a mitad de junio.<br>El trabajo se ha desarrollado fuerte con B\u00e1rbara, de lunes a s\u00e1bado; los s\u00e1bados trabajamos con varios medallistas estatales en un programa denominado Podium, forjando a nuevos campeones.<br>Agreg\u00f3.<br>Esperamos que se nos de el resultado en los Nacionales Conade, se va a lograr pues el trabajo con B\u00e1rbara se ha llevado al pie de la letra, sus practicas han sido excelentes y muy bueno su trabajo f\u00edsico, t\u00e1ctico y t\u00e9cnico\u201d, acot\u00f3 finalmente el entrenador estatal, Rafael Ortiz Villalvazo.<br><br><br><br><br><br><br><br><br><br><br><br><br><br><br><br><br><br><br><br><br><br><br><br><br><\/p>\n","protected":false},"excerpt":{"rendered":"<p>La veracruzana ha entrenado excelente, externa el entrenador Rafael Ortiz Villalvazo- REDACCI\u00d3N\/VOCESVER.COM\/NOTICIAS(Boca del R\u00edo, Ver., a 24 de mayo de<\/p>\n","protected":false},"author":2,"featured_media":39284,"comment_status":"open","ping_status":"open","sticky":false,"template":"","format":"standard","meta":{"colormag_page_container_layout":"default_layout","colormag_page_sidebar_layout":"default_layout","footnotes":""},"categories":[2],"tags":[],"class_list":["post-39276","post","type-post","status-publish","format-standard","has-post-thumbnail","hentry","category-infogral"],"_links":{"self":[{"href":"http:\/\/vocesver.com\/noticias\/wp-json\/wp\/v2\/posts\/39276","targetHints":{"allow":["GET"]}}],"collection":[{"href":"http:\/\/vocesver.com\/noticias\/wp-json\/wp\/v2\/posts"}],"about":[{"href":"http:\/\/vocesver.com\/noticias\/wp-json\/wp\/v2\/types\/post"}],"author":[{"embeddable":true,"href":"http:\/\/vocesver.com\/noticias\/wp-json\/wp\/v2\/users\/2"}],"replies":[{"embeddable":true,"href":"http:\/\/vocesver.com\/noticias\/wp-json\/wp\/v2\/comments?post=39276"}],"version-history":[{"count":3,"href":"http:\/\/vocesver.com\/noticias\/wp-json\/wp\/v2\/posts\/39276\/revisions"}],"predecessor-version":[{"id":39282,"href":"http:\/\/vocesver.com\/noticias\/wp-json\/wp\/v2\/posts\/39276\/revisions\/39282"}],"wp:featuredmedia":[{"embeddable":true,"href":"http:\/\/vocesver.com\/noticias\/wp-json\/wp\/v2\/media\/39284"}],"wp:attachment":[{"href":"http:\/\/vocesver.com\/noticias\/wp-json\/wp\/v2\/media?parent=39276"}],"wp:term":[{"taxonomy":"category","embeddable":true,"href":"http:\/\/vocesver.com\/noticias\/wp-json\/wp\/v2\/categories?post=39276"},{"taxonomy":"post_tag","embeddable":true,"href":"http:\/\/vocesver.com\/noticias\/wp-json\/wp\/v2\/tags?post=39276"}],"curies":[{"name":"wp","href":"https:\/\/api.w.org\/{rel}","templated":true}]}}