{"id":39268,"date":"2023-05-23T21:22:04","date_gmt":"2023-05-23T21:22:04","guid":{"rendered":"http:\/\/vocesver.com\/noticias\/?p=39268"},"modified":"2023-05-23T21:24:25","modified_gmt":"2023-05-23T21:24:25","slug":"el-mrd-se-manifesto-en-cfe-de-diaz-miron-en-demanda-de-que-cesen-los-apagones-en-veracruz","status":"publish","type":"post","link":"http:\/\/vocesver.com\/noticias\/el-mrd-se-manifesto-en-cfe-de-diaz-miron-en-demanda-de-que-cesen-los-apagones-en-veracruz\/","title":{"rendered":"EL MRD SE MANIFEST\u00d3 EN  CFE DE DIAZ MIR\u00d3N EN DEMANDA DE QUE CESEN LOS APAGONES EN VERACRUZ."},"content":{"rendered":"\n<p>REDACCI\u00d3N\/VOCESVER.COM\/NOTICIAS<br><br>Veracruz,Ver.- a 23 de Mayo 2023.-Al grito de ya basta de apagones de luz en el municipio de Veracruz, integrantes del Movimiento Renovador Democr\u00e1tico(MRD) que encabeza Marco Antonio Moncayo Parra realizaron una manifestaci\u00f3n de protesta en la oficinas de la CFE de Diaz Mir\u00f3n..<br>La protesta inici\u00f3 a la 10 de la ma\u00f1ana tal y como el MRD lo hab\u00eda anunciado en d\u00edas anteriores.<br><br><br><br><br><br><br><br><br><br><br><br><br><br><br><br><br><br><br><br><br><br><br><br><br><br><br><br><br><\/p>\n","protected":false},"excerpt":{"rendered":"<p>REDACCI\u00d3N\/VOCESVER.COM\/NOTICIAS Veracruz,Ver.- a 23 de Mayo 2023.-Al grito de ya basta de apagones de luz en el municipio de Veracruz,<\/p>\n","protected":false},"author":2,"featured_media":39274,"comment_status":"open","ping_status":"open","sticky":false,"template":"","format":"standard","meta":{"colormag_page_container_layout":"default_layout","colormag_page_sidebar_layout":"default_layout","footnotes":""},"categories":[2],"tags":[],"class_list":["post-39268","post","type-post","status-publish","format-standard","has-post-thumbnail","hentry","category-infogral"],"_links":{"self":[{"href":"http:\/\/vocesver.com\/noticias\/wp-json\/wp\/v2\/posts\/39268","targetHints":{"allow":["GET"]}}],"collection":[{"href":"http:\/\/vocesver.com\/noticias\/wp-json\/wp\/v2\/posts"}],"about":[{"href":"http:\/\/vocesver.com\/noticias\/wp-json\/wp\/v2\/types\/post"}],"author":[{"embeddable":true,"href":"http:\/\/vocesver.com\/noticias\/wp-json\/wp\/v2\/users\/2"}],"replies":[{"embeddable":true,"href":"http:\/\/vocesver.com\/noticias\/wp-json\/wp\/v2\/comments?post=39268"}],"version-history":[{"count":2,"href":"http:\/\/vocesver.com\/noticias\/wp-json\/wp\/v2\/posts\/39268\/revisions"}],"predecessor-version":[{"id":39273,"href":"http:\/\/vocesver.com\/noticias\/wp-json\/wp\/v2\/posts\/39268\/revisions\/39273"}],"wp:featuredmedia":[{"embeddable":true,"href":"http:\/\/vocesver.com\/noticias\/wp-json\/wp\/v2\/media\/39274"}],"wp:attachment":[{"href":"http:\/\/vocesver.com\/noticias\/wp-json\/wp\/v2\/media?parent=39268"}],"wp:term":[{"taxonomy":"category","embeddable":true,"href":"http:\/\/vocesver.com\/noticias\/wp-json\/wp\/v2\/categories?post=39268"},{"taxonomy":"post_tag","embeddable":true,"href":"http:\/\/vocesver.com\/noticias\/wp-json\/wp\/v2\/tags?post=39268"}],"curies":[{"name":"wp","href":"https:\/\/api.w.org\/{rel}","templated":true}]}}