{"id":39259,"date":"2023-05-22T21:46:20","date_gmt":"2023-05-22T21:46:20","guid":{"rendered":"http:\/\/vocesver.com\/noticias\/?p=39259"},"modified":"2023-05-22T21:49:23","modified_gmt":"2023-05-22T21:49:23","slug":"mrd-se-manifiesta-manana-contra-la-cfe-de-veracruz","status":"publish","type":"post","link":"http:\/\/vocesver.com\/noticias\/mrd-se-manifiesta-manana-contra-la-cfe-de-veracruz\/","title":{"rendered":"MRD SE MANIFIESTA MA\u00d1ANA CONTRA LA CFE DE VERACRUZ."},"content":{"rendered":"\n<p><br><br>Exigen un freno a los apagones de luz y a las altas tarifas. <br><br>REDACCI\u00d3N\/VOCESVER.CO\/NOTICIAS<br><br>Veracruz,Ver.- a 22 de Mayo 2023.- Debido a que los apagones de luz no cesan en el municipio de Veracruz,integrantes de MRD que dirige Marco Antonio Moncayo Parra y representantes de asociaciones civiles realizar\u00e1n este martes(23)de Mayo una manifestaci\u00f3n de protesta en las oficinas de la CFE de D\u00edaz Mir\u00f3n de la Ciudad de Veracruz.<br>De acuerdo con el MRD la protesta est\u00e1 programada para las 9:30 de la ma\u00f1ana y se lleva a cabo por los ajustes injustos e impagables y las altar tarifas que no merecen los veracruzanos. <br> En bree platica con algunos integrantes del MRD se\u00f1alar\u00f3n que la exigencia principal es que la CFE ya le pare a tantos apagones, pues es mucha gente la que se ve afectada.<br>Se espera una nutrida participaci\u00f3n de la ciudadan\u00eda a esta manifestaci\u00f3n de protesta debido a que son muchas familias las que se ven afectadas cada vez que se va la luz.<br><br><br><br><br><br><br><br><br><br><br><br><br><br><br><br><br><br><br><br><br><br><br><br><br><br><br><br><br><br><br><br><br><\/p>\n","protected":false},"excerpt":{"rendered":"<p>Exigen un freno a los apagones de luz y a las altas tarifas. REDACCI\u00d3N\/VOCESVER.CO\/NOTICIAS Veracruz,Ver.- a 22 de Mayo 2023.-<\/p>\n","protected":false},"author":2,"featured_media":39269,"comment_status":"open","ping_status":"open","sticky":false,"template":"","format":"standard","meta":{"colormag_page_container_layout":"default_layout","colormag_page_sidebar_layout":"default_layout","footnotes":""},"categories":[2],"tags":[],"class_list":["post-39259","post","type-post","status-publish","format-standard","has-post-thumbnail","hentry","category-infogral"],"_links":{"self":[{"href":"http:\/\/vocesver.com\/noticias\/wp-json\/wp\/v2\/posts\/39259","targetHints":{"allow":["GET"]}}],"collection":[{"href":"http:\/\/vocesver.com\/noticias\/wp-json\/wp\/v2\/posts"}],"about":[{"href":"http:\/\/vocesver.com\/noticias\/wp-json\/wp\/v2\/types\/post"}],"author":[{"embeddable":true,"href":"http:\/\/vocesver.com\/noticias\/wp-json\/wp\/v2\/users\/2"}],"replies":[{"embeddable":true,"href":"http:\/\/vocesver.com\/noticias\/wp-json\/wp\/v2\/comments?post=39259"}],"version-history":[{"count":2,"href":"http:\/\/vocesver.com\/noticias\/wp-json\/wp\/v2\/posts\/39259\/revisions"}],"predecessor-version":[{"id":39270,"href":"http:\/\/vocesver.com\/noticias\/wp-json\/wp\/v2\/posts\/39259\/revisions\/39270"}],"wp:featuredmedia":[{"embeddable":true,"href":"http:\/\/vocesver.com\/noticias\/wp-json\/wp\/v2\/media\/39269"}],"wp:attachment":[{"href":"http:\/\/vocesver.com\/noticias\/wp-json\/wp\/v2\/media?parent=39259"}],"wp:term":[{"taxonomy":"category","embeddable":true,"href":"http:\/\/vocesver.com\/noticias\/wp-json\/wp\/v2\/categories?post=39259"},{"taxonomy":"post_tag","embeddable":true,"href":"http:\/\/vocesver.com\/noticias\/wp-json\/wp\/v2\/tags?post=39259"}],"curies":[{"name":"wp","href":"https:\/\/api.w.org\/{rel}","templated":true}]}}