{"id":39253,"date":"2023-05-22T21:09:39","date_gmt":"2023-05-22T21:09:39","guid":{"rendered":"http:\/\/vocesver.com\/noticias\/?p=39253"},"modified":"2023-05-22T21:18:48","modified_gmt":"2023-05-22T21:18:48","slug":"planton-de-colonos-en-grupo-mas-de-veracruz","status":"publish","type":"post","link":"http:\/\/vocesver.com\/noticias\/planton-de-colonos-en-grupo-mas-de-veracruz\/","title":{"rendered":"PLANT\u00d3N DE COLONOS EN GRUPO MAS DE VERACRUZ."},"content":{"rendered":"\n<p>Exigen un freno a los cobros excesivos y a los avisos intimidatorios.<br>Existe un censo de por lo menos 200 afectados.<br>Demandan el cobro de tarifas justas.<br>Pedir\u00e1n la intervenci\u00f3n de la alcaldesa Patricia Lobeira para que meta orden.<br>AUSENCIO RIVERA\/VOCESVER.COM\/NOTICIAS.<br>Veracruz,Ver.- a 22 de Mayo 2023.- Usuarios de por lo menos 12 colonias del puerto de Veracruz realizar\u00f3n este lunes un plant\u00f3n en\u00e9rgico en las instalaciones del Grupo MAS de Prolongaci\u00f3n Miguel Alem\u00e1n(a un costado)del Auditorio Benito Ju\u00e1rez.<br>La protesta dio inicio a las 11 de la ma\u00f1ana y fue encabezada por el exregidor perredista Jos\u00e9 Aldo P\u00e9rez Hern\u00e1ndez y representante de los colonos afectados.<br>Acompa\u00f1ado de un grupo de afectados el entrevistado explic\u00f3 que a la protesta acudieron representantes de las colonias Emiliano Zapata,La Laguna.a,Agust\u00edn Lara,el predio 2,3 y 4 entre otros quienes se quejan de cobros excecivos, cortes arbitrarios de agua y avisos intimidatorios.<br>Dijo que ellos cuentan con un censo de por lo menos 200 personas afectadas que quieren dialogar con los encargados del agua a efecto de llegar a un acuerdo para que se  frenen estos abusos.<br>Precisamente estamos esperando aqu\u00ed que las autoridades del Grupo MAS nos reciban y atiendan el clamor de los afectados. Indic\u00f3 que este problema lo est\u00e1n padeciendo desde hace apr\u00f3ximadamente como seis meses.<br>Nosotros estamos aqu\u00ed de manera pacifica para llegar a un acuerdo justo con las autoridades del agua.<br>P\u00e9rez Hern\u00e1ndez dijo que de no llegar a un acuerdo con las autoridades del Grupo Mas no les quedar\u00e1 otra alternativa que tomar medidas dr\u00e1stica, pues la gente ya est\u00e1 cansada de tanto abuso que afecta su econom\u00eda y en estos momento la situaci\u00f3n financiera est\u00e1 critica.<br>Se\u00f1al\u00f3 nosotros estamos pidiendo que se nos cobre una tarifa justa,borr\u00f3n y cuenta nueva.<br>Adem\u00e1s dijo que es tanto el imperio de este grupo que se est\u00e1 metiendo en las \u00e1reas irregulares de manera ilegal.<br>Precisamente despu\u00e9s de protestar aqu\u00ed acudiremos al Palacio Municipal para solicitar la intervenci\u00f3n de la alcaldesa Paty Lobeira para ver si ella puede frenar los abusos que este grupo comete  mes con mes al  aumentar las tarifas del agua de manera arbitraria en perjuicio de las clases m\u00e1s desprotegidas.<br><br><br><br><br><br><br><br><br><br><br><br><br><br><br><br><br><br><br><br><br><br><br><br><\/p>\n","protected":false},"excerpt":{"rendered":"<p>Exigen un freno a los cobros excesivos y a los avisos intimidatorios.Existe un censo de por lo menos 200 afectados.Demandan<\/p>\n","protected":false},"author":2,"featured_media":39263,"comment_status":"open","ping_status":"open","sticky":false,"template":"","format":"standard","meta":{"colormag_page_container_layout":"default_layout","colormag_page_sidebar_layout":"default_layout","footnotes":""},"categories":[2],"tags":[],"class_list":["post-39253","post","type-post","status-publish","format-standard","has-post-thumbnail","hentry","category-infogral"],"_links":{"self":[{"href":"http:\/\/vocesver.com\/noticias\/wp-json\/wp\/v2\/posts\/39253","targetHints":{"allow":["GET"]}}],"collection":[{"href":"http:\/\/vocesver.com\/noticias\/wp-json\/wp\/v2\/posts"}],"about":[{"href":"http:\/\/vocesver.com\/noticias\/wp-json\/wp\/v2\/types\/post"}],"author":[{"embeddable":true,"href":"http:\/\/vocesver.com\/noticias\/wp-json\/wp\/v2\/users\/2"}],"replies":[{"embeddable":true,"href":"http:\/\/vocesver.com\/noticias\/wp-json\/wp\/v2\/comments?post=39253"}],"version-history":[{"count":5,"href":"http:\/\/vocesver.com\/noticias\/wp-json\/wp\/v2\/posts\/39253\/revisions"}],"predecessor-version":[{"id":39266,"href":"http:\/\/vocesver.com\/noticias\/wp-json\/wp\/v2\/posts\/39253\/revisions\/39266"}],"wp:featuredmedia":[{"embeddable":true,"href":"http:\/\/vocesver.com\/noticias\/wp-json\/wp\/v2\/media\/39263"}],"wp:attachment":[{"href":"http:\/\/vocesver.com\/noticias\/wp-json\/wp\/v2\/media?parent=39253"}],"wp:term":[{"taxonomy":"category","embeddable":true,"href":"http:\/\/vocesver.com\/noticias\/wp-json\/wp\/v2\/categories?post=39253"},{"taxonomy":"post_tag","embeddable":true,"href":"http:\/\/vocesver.com\/noticias\/wp-json\/wp\/v2\/tags?post=39253"}],"curies":[{"name":"wp","href":"https:\/\/api.w.org\/{rel}","templated":true}]}}