{"id":39248,"date":"2023-05-20T21:11:26","date_gmt":"2023-05-20T21:11:26","guid":{"rendered":"http:\/\/vocesver.com\/noticias\/?p=39248"},"modified":"2023-05-20T21:12:19","modified_gmt":"2023-05-20T21:12:19","slug":"muelles-portenos-repletos-de-barcos-de-altura","status":"publish","type":"post","link":"http:\/\/vocesver.com\/noticias\/muelles-portenos-repletos-de-barcos-de-altura\/","title":{"rendered":"MUELLES PORTE\u00d1OS REPLETOS DE BARCOS DE ALTURA."},"content":{"rendered":"\n<p><br><br><br><br>REDACCI\u00d3N\/VOCESVER.COM\/NOTICIAS<br><br>VERACRUZ,VER.- A 20 DE MAYO 2023.- As\u00ed lucieron los muelles porte\u00f1os este fin de semana. Est\u00e1n repletos de barcos de altura, adem\u00e1s sirven de atractivo tur\u00edstico para los visitantes. Foto:Ausencio RIVERA.<br><br><br><br><br><br><br><br><br><br><br><br><br><\/p>\n","protected":false},"excerpt":{"rendered":"<p>REDACCI\u00d3N\/VOCESVER.COM\/NOTICIAS VERACRUZ,VER.- A 20 DE MAYO 2023.- As\u00ed lucieron los muelles porte\u00f1os este fin de semana. Est\u00e1n repletos de barcos<\/p>\n","protected":false},"author":2,"featured_media":39255,"comment_status":"open","ping_status":"open","sticky":false,"template":"","format":"standard","meta":{"colormag_page_container_layout":"default_layout","colormag_page_sidebar_layout":"default_layout","footnotes":""},"categories":[2],"tags":[],"class_list":["post-39248","post","type-post","status-publish","format-standard","has-post-thumbnail","hentry","category-infogral"],"_links":{"self":[{"href":"http:\/\/vocesver.com\/noticias\/wp-json\/wp\/v2\/posts\/39248","targetHints":{"allow":["GET"]}}],"collection":[{"href":"http:\/\/vocesver.com\/noticias\/wp-json\/wp\/v2\/posts"}],"about":[{"href":"http:\/\/vocesver.com\/noticias\/wp-json\/wp\/v2\/types\/post"}],"author":[{"embeddable":true,"href":"http:\/\/vocesver.com\/noticias\/wp-json\/wp\/v2\/users\/2"}],"replies":[{"embeddable":true,"href":"http:\/\/vocesver.com\/noticias\/wp-json\/wp\/v2\/comments?post=39248"}],"version-history":[{"count":2,"href":"http:\/\/vocesver.com\/noticias\/wp-json\/wp\/v2\/posts\/39248\/revisions"}],"predecessor-version":[{"id":39254,"href":"http:\/\/vocesver.com\/noticias\/wp-json\/wp\/v2\/posts\/39248\/revisions\/39254"}],"wp:featuredmedia":[{"embeddable":true,"href":"http:\/\/vocesver.com\/noticias\/wp-json\/wp\/v2\/media\/39255"}],"wp:attachment":[{"href":"http:\/\/vocesver.com\/noticias\/wp-json\/wp\/v2\/media?parent=39248"}],"wp:term":[{"taxonomy":"category","embeddable":true,"href":"http:\/\/vocesver.com\/noticias\/wp-json\/wp\/v2\/categories?post=39248"},{"taxonomy":"post_tag","embeddable":true,"href":"http:\/\/vocesver.com\/noticias\/wp-json\/wp\/v2\/tags?post=39248"}],"curies":[{"name":"wp","href":"https:\/\/api.w.org\/{rel}","templated":true}]}}