{"id":39239,"date":"2023-05-20T20:51:32","date_gmt":"2023-05-20T20:51:32","guid":{"rendered":"http:\/\/vocesver.com\/noticias\/?p=39239"},"modified":"2023-05-20T21:16:14","modified_gmt":"2023-05-20T21:16:14","slug":"terminal-ferroviaria-del-puerto-jarocho-opera-con-normalidad","status":"publish","type":"post","link":"http:\/\/vocesver.com\/noticias\/terminal-ferroviaria-del-puerto-jarocho-opera-con-normalidad\/","title":{"rendered":"TERMINAL FERROVIARIA DEL PUERTO JAROCHO OPERA CON NORMALIDAD."},"content":{"rendered":"\n<p><br><br>Ning\u00fan elemento de la Marina resguarda el \u00e1rea.<br><br>REDACCI\u00d3N\/VOCESVER.COM\/NOTICIAS<br><br>VER.- A 20 DE MAYO 2023.- La terminal ferroviaria del Puerto de Veracruz permanece libre de elementos de la Marina,esto luego de que en tramos ferroviarios de Ferrosur de Coatzacoalcos estos permanezcan vigilados por elementos de esa dependencia del Gobierno Federal.. Foto Ausencio RIVERA.<br><br><br><br><br><br><br><br><br><br><br><br><br><br><br><br><br><br><br><br><br><br><br><br><br><br><br><\/p>\n","protected":false},"excerpt":{"rendered":"<p>Ning\u00fan elemento de la Marina resguarda el \u00e1rea. REDACCI\u00d3N\/VOCESVER.COM\/NOTICIAS VER.- A 20 DE MAYO 2023.- La terminal ferroviaria del Puerto<\/p>\n","protected":false},"author":2,"featured_media":39246,"comment_status":"open","ping_status":"open","sticky":false,"template":"","format":"standard","meta":{"colormag_page_container_layout":"default_layout","colormag_page_sidebar_layout":"default_layout","footnotes":""},"categories":[2],"tags":[],"class_list":["post-39239","post","type-post","status-publish","format-standard","has-post-thumbnail","hentry","category-infogral"],"_links":{"self":[{"href":"http:\/\/vocesver.com\/noticias\/wp-json\/wp\/v2\/posts\/39239","targetHints":{"allow":["GET"]}}],"collection":[{"href":"http:\/\/vocesver.com\/noticias\/wp-json\/wp\/v2\/posts"}],"about":[{"href":"http:\/\/vocesver.com\/noticias\/wp-json\/wp\/v2\/types\/post"}],"author":[{"embeddable":true,"href":"http:\/\/vocesver.com\/noticias\/wp-json\/wp\/v2\/users\/2"}],"replies":[{"embeddable":true,"href":"http:\/\/vocesver.com\/noticias\/wp-json\/wp\/v2\/comments?post=39239"}],"version-history":[{"count":4,"href":"http:\/\/vocesver.com\/noticias\/wp-json\/wp\/v2\/posts\/39239\/revisions"}],"predecessor-version":[{"id":39257,"href":"http:\/\/vocesver.com\/noticias\/wp-json\/wp\/v2\/posts\/39239\/revisions\/39257"}],"wp:featuredmedia":[{"embeddable":true,"href":"http:\/\/vocesver.com\/noticias\/wp-json\/wp\/v2\/media\/39246"}],"wp:attachment":[{"href":"http:\/\/vocesver.com\/noticias\/wp-json\/wp\/v2\/media?parent=39239"}],"wp:term":[{"taxonomy":"category","embeddable":true,"href":"http:\/\/vocesver.com\/noticias\/wp-json\/wp\/v2\/categories?post=39239"},{"taxonomy":"post_tag","embeddable":true,"href":"http:\/\/vocesver.com\/noticias\/wp-json\/wp\/v2\/tags?post=39239"}],"curies":[{"name":"wp","href":"https:\/\/api.w.org\/{rel}","templated":true}]}}