{"id":39234,"date":"2023-05-19T21:55:31","date_gmt":"2023-05-19T21:55:31","guid":{"rendered":"http:\/\/vocesver.com\/noticias\/?p=39234"},"modified":"2023-05-19T21:57:57","modified_gmt":"2023-05-19T21:57:57","slug":"hector-acapara-simpatias-en-ilang-ilang","status":"publish","type":"post","link":"http:\/\/vocesver.com\/noticias\/hector-acapara-simpatias-en-ilang-ilang\/","title":{"rendered":"H\u00e9ctor acapara simpat\u00edas en Ilang Ilang."},"content":{"rendered":"\n<p><br><br>\u00b7       En primera fila, escucha inconformidad de ganaderos<br><br> <br>REDACCI\u00d3N\/VOCESVER.COM\/NOTICIAS<br>Boca del R\u00edo, Ver., 18 de mayo.- \u201cno lo mencionaron\u201d dec\u00edan sorprendidos algunos seguidores.<br><br>Pero al final de la inauguraci\u00f3n de la expoferia ganadera 55 de Ilang Ilang, reanudada tras la pandemia del Covid, hasta el alcalde Juan Manuel Unanue y la reina Camila junto con su mam\u00e1, con sonrisa abierta le fueron a estrechar la mano.<br><br>Sentado en primera fila, junto a la alcaldesa de Alvarado, Lizzette \u00c1lvarez Vera, el presidente de Alianza Generacional H\u00e9ctor Yunes Landa que busca simpatizantes hasta por abajo de las piedras y le afloran desde el P\u00e1nuco hasta las Choapas, escuch\u00f3 las alegr\u00edas de los oradores como don Ren\u00e9 Loyo el l\u00edder de la ganadero de la zona centro que lo hab\u00eda invitado, y el reclamo severo, de inconformidad por el maltrato que les da el gobierno federal, de don Severo Garc\u00eda, responsable de la organizaci\u00f3n del evento.<br><br>Identificado por ensombrerados ganaderos de todos niveles y regiones, junto a soberbios e impresionantes ejemplares, toros, vacas, becerros y borregos de adeveras, a H\u00e9ctor le cost\u00f3 llegar a su lugar frente al pres\u00eddium, ante numerosos patrones de se\u00f1or\u00edo y vaqueros y mujeres que lo reconoc\u00edan, le saludaban, abrazaban.y le confiaban su \u201cestamos contigo para mejorar a Veracruz\u201d.<br><br>Y al final los protagonistas se le fueron a cuadrar. \u00bfPor qu\u00e9 ser\u00e1?<br><br><br><br><br><br><br><br><br><br><br><br><br><br><br><br><br><br><br><br><br><br><br><br><br><\/p>\n","protected":false},"excerpt":{"rendered":"<p>\u00b7 En primera fila, escucha inconformidad de ganaderos REDACCI\u00d3N\/VOCESVER.COM\/NOTICIASBoca del R\u00edo, Ver., 18 de mayo.- \u201cno lo mencionaron\u201d dec\u00edan sorprendidos<\/p>\n","protected":false},"author":2,"featured_media":39241,"comment_status":"open","ping_status":"open","sticky":false,"template":"","format":"standard","meta":{"colormag_page_container_layout":"default_layout","colormag_page_sidebar_layout":"default_layout","footnotes":""},"categories":[2],"tags":[],"class_list":["post-39234","post","type-post","status-publish","format-standard","has-post-thumbnail","hentry","category-infogral"],"_links":{"self":[{"href":"http:\/\/vocesver.com\/noticias\/wp-json\/wp\/v2\/posts\/39234","targetHints":{"allow":["GET"]}}],"collection":[{"href":"http:\/\/vocesver.com\/noticias\/wp-json\/wp\/v2\/posts"}],"about":[{"href":"http:\/\/vocesver.com\/noticias\/wp-json\/wp\/v2\/types\/post"}],"author":[{"embeddable":true,"href":"http:\/\/vocesver.com\/noticias\/wp-json\/wp\/v2\/users\/2"}],"replies":[{"embeddable":true,"href":"http:\/\/vocesver.com\/noticias\/wp-json\/wp\/v2\/comments?post=39234"}],"version-history":[{"count":2,"href":"http:\/\/vocesver.com\/noticias\/wp-json\/wp\/v2\/posts\/39234\/revisions"}],"predecessor-version":[{"id":39240,"href":"http:\/\/vocesver.com\/noticias\/wp-json\/wp\/v2\/posts\/39234\/revisions\/39240"}],"wp:featuredmedia":[{"embeddable":true,"href":"http:\/\/vocesver.com\/noticias\/wp-json\/wp\/v2\/media\/39241"}],"wp:attachment":[{"href":"http:\/\/vocesver.com\/noticias\/wp-json\/wp\/v2\/media?parent=39234"}],"wp:term":[{"taxonomy":"category","embeddable":true,"href":"http:\/\/vocesver.com\/noticias\/wp-json\/wp\/v2\/categories?post=39234"},{"taxonomy":"post_tag","embeddable":true,"href":"http:\/\/vocesver.com\/noticias\/wp-json\/wp\/v2\/tags?post=39234"}],"curies":[{"name":"wp","href":"https:\/\/api.w.org\/{rel}","templated":true}]}}