{"id":39228,"date":"2023-05-19T21:06:10","date_gmt":"2023-05-19T21:06:10","guid":{"rendered":"http:\/\/vocesver.com\/noticias\/?p=39228"},"modified":"2023-05-19T21:06:12","modified_gmt":"2023-05-19T21:06:12","slug":"la-corte-voto-a-favor-de-la-transparencia-pepe-yunes","status":"publish","type":"post","link":"http:\/\/vocesver.com\/noticias\/la-corte-voto-a-favor-de-la-transparencia-pepe-yunes\/","title":{"rendered":"LA CORTE VOT\u00d3 A FAVOR DE LA TRANSPARENCIA: PEPE YUNES"},"content":{"rendered":"\n<p>\u2022 La autonom\u00eda de poder judicial en Veracruz y en el pa\u00eds es determinante para acabar con la impunidad.<br><br>\u2022 Pepe Yunes asegur\u00f3 que aclarar el presupuesto necesario para dar autonom\u00eda a la fiscal\u00eda es vital para eliminar las alianzas y v\u00ednculos de la justicia con el poder en turno.<br><br>\u2022 No puede reutilizarse el recurso de la seguridad nacional para evitar dar cuentas del uso de los recursos p\u00fablicos y en ese sentido la SCJN cumple con su funci\u00f3n: Pepe Yunes<br><br><br>AUSENCIO RIVERA\/VOCESVER\/.COM\/NOTICIAS<br>CDMX,. A 19 de Mayo 2023.-Desde el encuentro que sostuvo con abogados del Estado en Banderilla, Veracruz y previo a la movilizaci\u00f3n que este 20 de mayo protagonizar\u00e1n representantes de MORENA frente a las instalaciones de la SCJN, para oponerse a las decisiones y fallos emitidos por los magistrados, el diputado federal del PRI, Pepe Yunes Zorrilla, se pronunci\u00f3 y dijo que la independencia de la corte es determinante para eliminar la impunidad cercana al 96 por ciento que se ha posado sobre Veracruz y el pa\u00eds.<br>Asegur\u00f3 que solo as\u00ed se podr\u00e1 extirpar cualquier intenci\u00f3n de autoritarismo y dijo: \u201cEs clave dejar perfectamente en claro que, si no se logra abatir la impunidad, si no se logra en el ejercicio real imponer el marco de derecho, si no hay claridad de qu\u00e9 el crimen que se comete debe tener una coacci\u00f3n y debe tener un castigo, todos los males p\u00fablicos de los que nos quejamos, todos seguir\u00e1n existiendo\u201d<br>Manifest\u00f3 que lamentablemente la realidad de las c\u00e1rceles del pa\u00eds esta protagonizada por uno de cada 10 se\u00f1alados en un delito, con lo que realmente no hay justicia, ya que ese 1 por ciento no tiene relaciones, ni poder, no tiene padrinos o a quien recurrir, a un buen abogado. \u201cEse porcentaje de los mexicanos es quien pobla los centros penitenciarios por qu\u00e9 hay un marco de derecho que se acomoda, que no funciona, que no se hace efectivo\u201d.<br>El legislador veracruzano exigi\u00f3 a la sociedad y a los abogados con su experiencia, generar un conjunto de modificaciones que le den autonom\u00eda al poder judicial y que logren resolver los problemas de impunidad de manera contundente en beneficio de la poblaci\u00f3n de Veracruz.<br>Una de las soluciones para enfrentar esta problem\u00e1tica de acuerdo con Yunes Zorrilla es el lograr fortalecer a las fiscal\u00edas y en su condici\u00f3n de autonom\u00eda ya que en la actualidad se cumplen excesos ligados a intereses pol\u00edticos de turno y recalc\u00f3: \u201cDebemos entender cu\u00e1l es el acompa\u00f1amiento presupuestal que necesita la fiscal\u00eda y el poder judicial, c\u00f3mo podemos brindarlos de las tentaciones y c\u00f3mo podemos darle lo suficiente para que puedan cumplir con su importante tarea de manera eficiente\u201d, basta de promesas sin soluciones reales.<br>Al ser interrogado en el marco de este evento con litigantes y penalistas de la entidad veracruzana, el diputado se pronunci\u00f3 adem\u00e1s con respecto al fallo emitido hoy por que la Suprema Corte de Justicia de la Naci\u00f3n (SCJN) en el cual invalid\u00f3 la reserva de informaci\u00f3n sobre los proyectos estrat\u00e9gicos del gobierno federal:  \u201cYo lo veo como una Suprema Corte de justicia  que hace valer el estado de derecho  y que hay que reconocer y una de las prioridades que tiene la sociedad mexicana es la transparencia, no puede reutilizarse el recurso de la seguridad nacional para no dar cuentas del uso de los recursos p\u00fablicos y en ese sentido la SCJN cumple con su funci\u00f3n, as\u00ed hay que decirlo y su funci\u00f3n y su fallo es acorde a lo que est\u00e1n demandando los mexicanos. Uno de los puntos m\u00e1s importantes que necesita Veracruz es restablecer el estado de derecho, eliminar la corrupci\u00f3n y hacer efectivas las libertades.\u201d<br><br><br><br><br><br><br><br><br><br><br><br><br><br><br><br><br><br><br><br><br><br><br><\/p>\n","protected":false},"excerpt":{"rendered":"<p>\u2022 La autonom\u00eda de poder judicial en Veracruz y en el pa\u00eds es determinante para acabar con la impunidad. \u2022<\/p>\n","protected":false},"author":2,"featured_media":39231,"comment_status":"open","ping_status":"open","sticky":false,"template":"","format":"standard","meta":{"colormag_page_container_layout":"default_layout","colormag_page_sidebar_layout":"default_layout","footnotes":""},"categories":[5],"tags":[],"class_list":["post-39228","post","type-post","status-publish","format-standard","has-post-thumbnail","hentry","category-nacional"],"_links":{"self":[{"href":"http:\/\/vocesver.com\/noticias\/wp-json\/wp\/v2\/posts\/39228","targetHints":{"allow":["GET"]}}],"collection":[{"href":"http:\/\/vocesver.com\/noticias\/wp-json\/wp\/v2\/posts"}],"about":[{"href":"http:\/\/vocesver.com\/noticias\/wp-json\/wp\/v2\/types\/post"}],"author":[{"embeddable":true,"href":"http:\/\/vocesver.com\/noticias\/wp-json\/wp\/v2\/users\/2"}],"replies":[{"embeddable":true,"href":"http:\/\/vocesver.com\/noticias\/wp-json\/wp\/v2\/comments?post=39228"}],"version-history":[{"count":2,"href":"http:\/\/vocesver.com\/noticias\/wp-json\/wp\/v2\/posts\/39228\/revisions"}],"predecessor-version":[{"id":39232,"href":"http:\/\/vocesver.com\/noticias\/wp-json\/wp\/v2\/posts\/39228\/revisions\/39232"}],"wp:featuredmedia":[{"embeddable":true,"href":"http:\/\/vocesver.com\/noticias\/wp-json\/wp\/v2\/media\/39231"}],"wp:attachment":[{"href":"http:\/\/vocesver.com\/noticias\/wp-json\/wp\/v2\/media?parent=39228"}],"wp:term":[{"taxonomy":"category","embeddable":true,"href":"http:\/\/vocesver.com\/noticias\/wp-json\/wp\/v2\/categories?post=39228"},{"taxonomy":"post_tag","embeddable":true,"href":"http:\/\/vocesver.com\/noticias\/wp-json\/wp\/v2\/tags?post=39228"}],"curies":[{"name":"wp","href":"https:\/\/api.w.org\/{rel}","templated":true}]}}