{"id":39212,"date":"2023-05-19T20:42:17","date_gmt":"2023-05-19T20:42:17","guid":{"rendered":"http:\/\/vocesver.com\/noticias\/?p=39212"},"modified":"2023-05-19T20:52:15","modified_gmt":"2023-05-19T20:52:15","slug":"impulsara-senador-monreal-codigo-penal-unico-en-mexico","status":"publish","type":"post","link":"http:\/\/vocesver.com\/noticias\/impulsara-senador-monreal-codigo-penal-unico-en-mexico\/","title":{"rendered":"IMPULSAR\u00c1 SENADOR MONREAL C\u00d3DIGO PENAL \u00daNICO EN MEXICO.-"},"content":{"rendered":"\n<p><br>Esto se acord\u00f3 en el marco de la Conferencia Magistral \u00abLos Neuroderechos,el C\u00f3digo Penal \u00dcnico en M\u00e9xico y la Reconciliaci\u00f3n Nacional\u00bb.<\/p>\n\n\n\n<p>Durante el acto donde asistieron cientos de personas,se cont\u00f3 con la presencia de la Gobernador de Baja California Marina del Pilar Avila Olmeda.<\/p>\n\n\n\n<p>La bienvenida a este gran p\u00fablico corri\u00f3 a cargo del Dr. Gilberto Fer\u00edas Morales presidente nacional de CNAP.<br><br>AUSENCIO RIVERA\/VOCESVER.COM\/NOTICIAS<br><br>TIJUANA,B.C. .-El Senador Ricardo Monrreal  y el Colegio Nacional de Abogados Penalista A.C que preside de manera atinada el Doctor Gilberto Far\u00edas Morales establecieron el compromiso de impulsar el C\u00f3digo Penal Unico en el pa\u00eds.<br>Esto se dio en el marco de la Conferencia Magistral  Los Neuroderechos,el C\u00f3digo Penal Unico en M\u00e9xico y la <br>Reconciliaci\u00f3n Nacional, donde el legislador hizo un llamado al di\u00e1logo para impulsar \u00e9ste c\u00f3digo.<br>Ante cientos de personas que se dieron cita en esta reuni\u00f3n y en presencia de la Gobernadora de Baja California Marina del Pilar Avila Olmeda y m\u00e1s de 400 asistentes se\u00f1al\u00f3 que hay mucho por hacer en el tema por lo que convoc\u00f3 a construir el  marco que evite el caos.<br>En el evento estuvieron presentes representantes de Barras,Colegios y asociaciones convocados por el Colegio Nacional de Abogados que representa el destacado jurista veracruzano Gilberto Far\u00edas Morales. <br>En dicho evento establecieron que la pr\u00f3xima reuni\u00f3n ser\u00e1 en el Senado de la Rep\u00fablica.<br>Fue el licenciado Gilberto Far\u00edas Morales quien se encarg\u00f3 de darles la bienvenida a los invitados a quienes agradeci\u00f3 su presencia.<br>Durante el acto el reconocido abogado veracruzano destac\u00f3 que este evento se realiz\u00f3 con el objeto de generar cultura jur\u00eddica rumbo a la legislaci\u00f3n de los Neuroderechos as\u00ed como la creaci\u00f3n de un C\u00f3digo Penal Unico que mucha falta nos hace.<br>Asimismo la Gobernadora Marina del Pilar y el Senador Ricardo Monrreal Avila entre otros, expusieron la necesidad del marco normativo a esta necesidad social.<br>Al termino del evento, el presidente de CNAP dijo:Hemos concluido con un debate en el Senado con l\u00edderes del Derecho a efecto de generar conciencia y conocimiento para subir a tribuna las iniciativas correspondientes.<br><br><br><br><br><br><br><br><br><br><br><br><br><br><br><br><br><br><br><br><br><\/p>\n","protected":false},"excerpt":{"rendered":"<p>Esto se acord\u00f3 en el marco de la Conferencia Magistral \u00abLos Neuroderechos,el C\u00f3digo Penal \u00dcnico en M\u00e9xico y la Reconciliaci\u00f3n<\/p>\n","protected":false},"author":2,"featured_media":39221,"comment_status":"open","ping_status":"open","sticky":false,"template":"","format":"standard","meta":{"colormag_page_container_layout":"default_layout","colormag_page_sidebar_layout":"default_layout","footnotes":""},"categories":[2],"tags":[],"class_list":["post-39212","post","type-post","status-publish","format-standard","has-post-thumbnail","hentry","category-infogral"],"_links":{"self":[{"href":"http:\/\/vocesver.com\/noticias\/wp-json\/wp\/v2\/posts\/39212","targetHints":{"allow":["GET"]}}],"collection":[{"href":"http:\/\/vocesver.com\/noticias\/wp-json\/wp\/v2\/posts"}],"about":[{"href":"http:\/\/vocesver.com\/noticias\/wp-json\/wp\/v2\/types\/post"}],"author":[{"embeddable":true,"href":"http:\/\/vocesver.com\/noticias\/wp-json\/wp\/v2\/users\/2"}],"replies":[{"embeddable":true,"href":"http:\/\/vocesver.com\/noticias\/wp-json\/wp\/v2\/comments?post=39212"}],"version-history":[{"count":4,"href":"http:\/\/vocesver.com\/noticias\/wp-json\/wp\/v2\/posts\/39212\/revisions"}],"predecessor-version":[{"id":39222,"href":"http:\/\/vocesver.com\/noticias\/wp-json\/wp\/v2\/posts\/39212\/revisions\/39222"}],"wp:featuredmedia":[{"embeddable":true,"href":"http:\/\/vocesver.com\/noticias\/wp-json\/wp\/v2\/media\/39221"}],"wp:attachment":[{"href":"http:\/\/vocesver.com\/noticias\/wp-json\/wp\/v2\/media?parent=39212"}],"wp:term":[{"taxonomy":"category","embeddable":true,"href":"http:\/\/vocesver.com\/noticias\/wp-json\/wp\/v2\/categories?post=39212"},{"taxonomy":"post_tag","embeddable":true,"href":"http:\/\/vocesver.com\/noticias\/wp-json\/wp\/v2\/tags?post=39212"}],"curies":[{"name":"wp","href":"https:\/\/api.w.org\/{rel}","templated":true}]}}