{"id":39196,"date":"2023-05-17T21:56:25","date_gmt":"2023-05-17T21:56:25","guid":{"rendered":"http:\/\/vocesver.com\/noticias\/?p=39196"},"modified":"2023-05-17T22:05:26","modified_gmt":"2023-05-17T22:05:26","slug":"festejan-el-dia-de-las-madres","status":"publish","type":"post","link":"http:\/\/vocesver.com\/noticias\/festejan-el-dia-de-las-madres\/","title":{"rendered":"FESTEJAN EL D\u00cdA DE LAS MADRES."},"content":{"rendered":"\n<p>REDACCI\u00d3N\/VOCESVER.- A 17 de Mayo 2023.- Con motivo del D\u00eda de las Madres familiares  y amistades festejaron a las reinas del hogar .En el convivio estuvieron presentes la se\u00f1ora Rosenda Zapata Ju\u00e1rez,Juana Yadira Zapata,Amairani Rivera de Agama y Angie Zamora. Durante el  evento las festejadas recibieron muchas felicitaciones y algunos presentes.  Foto Ausencio RIVERA.<br><br><br><br><br><br><br><br><br><br><br><br><br><br><br><br><br><br><\/p>\n","protected":false},"excerpt":{"rendered":"<p>REDACCI\u00d3N\/VOCESVER.- A 17 de Mayo 2023.- Con motivo del D\u00eda de las Madres familiares y amistades festejaron a las reinas<\/p>\n","protected":false},"author":2,"featured_media":39203,"comment_status":"open","ping_status":"open","sticky":false,"template":"","format":"standard","meta":{"colormag_page_container_layout":"default_layout","colormag_page_sidebar_layout":"default_layout","footnotes":""},"categories":[2],"tags":[],"class_list":["post-39196","post","type-post","status-publish","format-standard","has-post-thumbnail","hentry","category-infogral"],"_links":{"self":[{"href":"http:\/\/vocesver.com\/noticias\/wp-json\/wp\/v2\/posts\/39196","targetHints":{"allow":["GET"]}}],"collection":[{"href":"http:\/\/vocesver.com\/noticias\/wp-json\/wp\/v2\/posts"}],"about":[{"href":"http:\/\/vocesver.com\/noticias\/wp-json\/wp\/v2\/types\/post"}],"author":[{"embeddable":true,"href":"http:\/\/vocesver.com\/noticias\/wp-json\/wp\/v2\/users\/2"}],"replies":[{"embeddable":true,"href":"http:\/\/vocesver.com\/noticias\/wp-json\/wp\/v2\/comments?post=39196"}],"version-history":[{"count":3,"href":"http:\/\/vocesver.com\/noticias\/wp-json\/wp\/v2\/posts\/39196\/revisions"}],"predecessor-version":[{"id":39205,"href":"http:\/\/vocesver.com\/noticias\/wp-json\/wp\/v2\/posts\/39196\/revisions\/39205"}],"wp:featuredmedia":[{"embeddable":true,"href":"http:\/\/vocesver.com\/noticias\/wp-json\/wp\/v2\/media\/39203"}],"wp:attachment":[{"href":"http:\/\/vocesver.com\/noticias\/wp-json\/wp\/v2\/media?parent=39196"}],"wp:term":[{"taxonomy":"category","embeddable":true,"href":"http:\/\/vocesver.com\/noticias\/wp-json\/wp\/v2\/categories?post=39196"},{"taxonomy":"post_tag","embeddable":true,"href":"http:\/\/vocesver.com\/noticias\/wp-json\/wp\/v2\/tags?post=39196"}],"curies":[{"name":"wp","href":"https:\/\/api.w.org\/{rel}","templated":true}]}}