{"id":39194,"date":"2023-05-17T21:28:46","date_gmt":"2023-05-17T21:28:46","guid":{"rendered":"http:\/\/vocesver.com\/noticias\/?p=39194"},"modified":"2023-05-17T21:31:09","modified_gmt":"2023-05-17T21:31:09","slug":"jubilados-amenazan-con-protestas-si-el-ipe-no-le-paga-su-pensiones-en-tiempo-y-formasuarez-castellanos","status":"publish","type":"post","link":"http:\/\/vocesver.com\/noticias\/jubilados-amenazan-con-protestas-si-el-ipe-no-le-paga-su-pensiones-en-tiempo-y-formasuarez-castellanos\/","title":{"rendered":"JUBILADOS AMENAZAN CON PROTESTAS SI EL IPE NO LE PAGA SU PENSIONES EN TIEMPO Y FORMA:SU\u00c1REZ CASTELLANOS."},"content":{"rendered":"\n<p>REDACCI\u00d3N\/VOCESVER.COM\/NOTICIAS<br><br>Veracruz, Ver. a 17 de Mayo 2023.-EL  presidente del Consejo de Jubilados y Pensionados de Veracruz AC, Rodolfo Su\u00e1rez Castellanos advirti\u00f3 que si el IPE  se queda si recursos para los pr\u00f3ximos tres meses no les quedar\u00e1 otra alternativa que salir a las calles a protestar para exigir sus pagos en tiempo y forma.<br> Se\u00f1al\u00f3 que son 32 mil jubilados los que se ver\u00e1n afectados por esta situaci\u00f3n, al tiempo que record\u00f3 que la deuda que mantiene el gobierno estatal con el IPE es de 20 mil millones de pesos, sin embargo, explic\u00f3 que por el momento, los pensionados del estado de Veracruz cobrar\u00e1n sin contratiempos los pr\u00f3ximos tres meses.<br><br>El entrevistado sostuvo que las autoridades estatales pueden evitar este escenario negativo, y haber llamado a cuentas a los representantes del poder ejecutivo, legislativo y judicial para que reparen el da\u00f1o financiero que se cometi\u00f3 contra este instituto.<br><br>Por otra lado, pidi\u00f3 que sea judicializada la denuncia que interpusieron en agosto del 2016 contra servidores p\u00fablicos del Consejo Directivo del Instituto de Pensiones del Estado (IPE), de ese entonces.<br><br>Record\u00f3 que la denuncia penal que presentaron contra los servidores p\u00fablicos del gobierno de Javier Duarte de Ochoa es por peculado, incumplimiento de un deber legal, coalici\u00f3n y abuso de autoridad.<br><br><br><br><br><br><br><br><br><br><br><br><br><br><br><br><br><br><br><br><br><br><\/p>\n","protected":false},"excerpt":{"rendered":"<p>REDACCI\u00d3N\/VOCESVER.COM\/NOTICIAS Veracruz, Ver. a 17 de Mayo 2023.-EL presidente del Consejo de Jubilados y Pensionados de Veracruz AC, Rodolfo Su\u00e1rez<\/p>\n","protected":false},"author":2,"featured_media":39198,"comment_status":"open","ping_status":"open","sticky":false,"template":"","format":"standard","meta":{"colormag_page_container_layout":"default_layout","colormag_page_sidebar_layout":"default_layout","footnotes":""},"categories":[2],"tags":[],"class_list":["post-39194","post","type-post","status-publish","format-standard","has-post-thumbnail","hentry","category-infogral"],"_links":{"self":[{"href":"http:\/\/vocesver.com\/noticias\/wp-json\/wp\/v2\/posts\/39194","targetHints":{"allow":["GET"]}}],"collection":[{"href":"http:\/\/vocesver.com\/noticias\/wp-json\/wp\/v2\/posts"}],"about":[{"href":"http:\/\/vocesver.com\/noticias\/wp-json\/wp\/v2\/types\/post"}],"author":[{"embeddable":true,"href":"http:\/\/vocesver.com\/noticias\/wp-json\/wp\/v2\/users\/2"}],"replies":[{"embeddable":true,"href":"http:\/\/vocesver.com\/noticias\/wp-json\/wp\/v2\/comments?post=39194"}],"version-history":[{"count":2,"href":"http:\/\/vocesver.com\/noticias\/wp-json\/wp\/v2\/posts\/39194\/revisions"}],"predecessor-version":[{"id":39197,"href":"http:\/\/vocesver.com\/noticias\/wp-json\/wp\/v2\/posts\/39194\/revisions\/39197"}],"wp:featuredmedia":[{"embeddable":true,"href":"http:\/\/vocesver.com\/noticias\/wp-json\/wp\/v2\/media\/39198"}],"wp:attachment":[{"href":"http:\/\/vocesver.com\/noticias\/wp-json\/wp\/v2\/media?parent=39194"}],"wp:term":[{"taxonomy":"category","embeddable":true,"href":"http:\/\/vocesver.com\/noticias\/wp-json\/wp\/v2\/categories?post=39194"},{"taxonomy":"post_tag","embeddable":true,"href":"http:\/\/vocesver.com\/noticias\/wp-json\/wp\/v2\/tags?post=39194"}],"curies":[{"name":"wp","href":"https:\/\/api.w.org\/{rel}","templated":true}]}}