{"id":37896,"date":"2022-11-11T22:34:32","date_gmt":"2022-11-11T22:34:32","guid":{"rendered":"http:\/\/vocesver.com\/noticias\/?p=37896"},"modified":"2022-11-11T22:36:41","modified_gmt":"2022-11-11T22:36:41","slug":"la-mentable-que-ricardo-monreal-sea-vocero-de-la-oposiciondiputado","status":"publish","type":"post","link":"http:\/\/vocesver.com\/noticias\/la-mentable-que-ricardo-monreal-sea-vocero-de-la-oposiciondiputado\/","title":{"rendered":"LA MENTABLE QUE RICARDO MONREAL SEA VOCERO DE LA OPOSICI\u00d3N:DIPUTADO."},"content":{"rendered":"\n<p class=\"wp-block-paragraph\"><br><br><br>AUSENCIO RIVERA\/VOCESVER.COM\/NOTICIAS<br><br><br>Coatepec, Ver.- Es lamentable que una persona como el senador Ricardo Monreal, que ha sido fundador de Morena, que se supone que conoce los ideales de nuestro movimiento se haya convertido en vocero de la oposici\u00f3n, expres\u00f3 el diputado local Luis Ronaldo Z\u00e1rate D\u00edaz.<br><br>Dijo que ha sido el propio senador quien ha fomentado las fracturas, divisiones y confrontaciones al interior Morena, pues ha sido el mismo el que provoca y llama a la confrontaci\u00f3n en lugar de sumar voluntades y trabajar por el proyecto de naci\u00f3n que representamos.<br><br>Z\u00e1rate D\u00edaz, coment\u00f3 que el Gobierno de Veracruz que encabeza el Ingeniero Cuitl\u00e1huac Garc\u00eda Jim\u00e9nez, trabaja d\u00eda a d\u00eda por eliminar del estado la corrupci\u00f3n, la inseguridad y brindar a las y los veracruzanos mejores condiciones de vida social y econ\u00f3mica, \u201cel senador s\u00f3lo viene al estado a presentar su librito y a visitar a sus amigos presos, no sabe ni conoce la realidad en la que vivimos\u201d.<br><br><br><br><br><br><br><br><br><br><br><br><br><br><br><br><br><br><br><br><br><br><br><br><br><br><br><\/p>\n","protected":false},"excerpt":{"rendered":"<p>AUSENCIO RIVERA\/VOCESVER.COM\/NOTICIAS Coatepec, Ver.- Es lamentable que una persona como el senador Ricardo Monreal, que ha sido fundador de Morena,<\/p>\n","protected":false},"author":2,"featured_media":37902,"comment_status":"open","ping_status":"open","sticky":false,"template":"","format":"standard","meta":{"colormag_page_container_layout":"default_layout","colormag_page_sidebar_layout":"default_layout","footnotes":""},"categories":[4],"tags":[],"class_list":["post-37896","post","type-post","status-publish","format-standard","has-post-thumbnail","hentry","category-estatal"],"_links":{"self":[{"href":"http:\/\/vocesver.com\/noticias\/wp-json\/wp\/v2\/posts\/37896","targetHints":{"allow":["GET"]}}],"collection":[{"href":"http:\/\/vocesver.com\/noticias\/wp-json\/wp\/v2\/posts"}],"about":[{"href":"http:\/\/vocesver.com\/noticias\/wp-json\/wp\/v2\/types\/post"}],"author":[{"embeddable":true,"href":"http:\/\/vocesver.com\/noticias\/wp-json\/wp\/v2\/users\/2"}],"replies":[{"embeddable":true,"href":"http:\/\/vocesver.com\/noticias\/wp-json\/wp\/v2\/comments?post=37896"}],"version-history":[{"count":2,"href":"http:\/\/vocesver.com\/noticias\/wp-json\/wp\/v2\/posts\/37896\/revisions"}],"predecessor-version":[{"id":37901,"href":"http:\/\/vocesver.com\/noticias\/wp-json\/wp\/v2\/posts\/37896\/revisions\/37901"}],"wp:featuredmedia":[{"embeddable":true,"href":"http:\/\/vocesver.com\/noticias\/wp-json\/wp\/v2\/media\/37902"}],"wp:attachment":[{"href":"http:\/\/vocesver.com\/noticias\/wp-json\/wp\/v2\/media?parent=37896"}],"wp:term":[{"taxonomy":"category","embeddable":true,"href":"http:\/\/vocesver.com\/noticias\/wp-json\/wp\/v2\/categories?post=37896"},{"taxonomy":"post_tag","embeddable":true,"href":"http:\/\/vocesver.com\/noticias\/wp-json\/wp\/v2\/tags?post=37896"}],"curies":[{"name":"wp","href":"https:\/\/api.w.org\/{rel}","templated":true}]}}