{"id":36963,"date":"2022-09-01T20:51:39","date_gmt":"2022-09-01T20:51:39","guid":{"rendered":"http:\/\/vocesver.com\/noticias\/?p=36963"},"modified":"2022-09-01T20:54:27","modified_gmt":"2022-09-01T20:54:27","slug":"tormenta-con-enormes-granizos-en-espana-dejan-un-bebe-muerto-heridos-y-danos-materiales","status":"publish","type":"post","link":"http:\/\/vocesver.com\/noticias\/tormenta-con-enormes-granizos-en-espana-dejan-un-bebe-muerto-heridos-y-danos-materiales\/","title":{"rendered":"Tormenta con enormes granizos en Espa\u00f1a dejan un beb\u00e9 muerto, heridos y da\u00f1os materiales."},"content":{"rendered":"\n<p><\/p>\n\n\n\n<p><\/p>\n\n\n\n<p>El tama\u00f1o de los granizos que cayeron en Catalu\u00f1a. Foto: Metereol\u00f3gico de Catalu\u00f1aREDACCI\u00d3N\/VOCESC\u00bf VER.COM\/NOTICIAS<br><br><br>INTERNACIONAL.- 01 DE SEPTIEMBRE 2022.-DE ACUERDO   CON INFORMACI\u00d3N DE AGENCIAS\/REDACCI\u00d3N\/AFP y UNOTV&#8230;&#8230; La tormenta que cay\u00f3 en Catalu\u00f1a, que registr\u00f3 granizos de hasta 10 cent\u00edmetros de di\u00e1metro, dej\u00f3 un beb\u00e9 muerto, medio centenar de heridos y da\u00f1os en veh\u00edculos y viviendas, pas\u00f3 a la historia como uno de los fen\u00f3menos meteorol\u00f3gicos m\u00e1s tr\u00e1gicos que Espa\u00f1a haya tenido en a\u00f1os recientes.<br><br><br>Violenta granizada azota Catalu\u00f1a, Espa\u00f1a. pic.twitter.com\/xDU33DmvMc<br><br>\u2014 Alerta Cambio Clim\u00e1tico (@AlertaCambio) August 31, 2022<br>En concret, el nostre observador de la XOM a la Bisbal d&#8217;Empord\u00e0 (el Baix Empord\u00e0) ha registrat un di\u00e0metre m\u00e0xim de pedra de fins a uns 10 cm. pic.twitter.com\/oCpUQlRKfL<br><br>\u2014 Meteocat (@meteocat) August 30, 2022<br>Una beb\u00e9 de 20 meses muri\u00f3 la noche del martes al mi\u00e9rcoles en Catalu\u00f1a, al ser golpeada por un pedazo de granizo durante la violenta tormenta que cay\u00f3 el pasado 30 de agosto. La menor hab\u00eda sido trasladada al Hospital Trueta de Girona, donde finalmente falleci\u00f3, informaron autoridades locales y sanitarias.<br><br>Descomunal e hist\u00f3rica #granizada la que se registr\u00f3 ayer por la tarde en la regi\u00f3n de #LaBisbalDEmpord\u00e0 #Girona #Catalu\u00f1a #Espa\u00f1a &#x1f1ea;&#x1f1f8; donde lamentablemente una ni\u00f1a de 20 mese falleci\u00f3 a consecuencia de las heridas causadas por el #granizo<br>V\u00eda @forumatmosfer pic.twitter.com\/sl4lreXRcw<br><br>\u2014 Ge\u00f3l. Sergio Almaz\u00e1n (@chematierra) August 31, 2022<br><br>\u201cLe cay\u00f3 un granizo en la cabeza\u201d y \u201cdesgraciadamente no lo ha podido superar\u201d, explic\u00f3 a la emisora de radio catalana RAC1 Carme Vall, regidora del ayuntamiento de La Bisbal d\u2019Empord\u00e0, el pueblo cercano a Girona que sufri\u00f3 la inusual precipitaci\u00f3n.<br><br><br>Me han pasado esta foto diciendo que es por la parte de barbera badia y parte de sabadell. Donde vivo(sabadell) est\u00e1n tos los \u00e1rboles tirados\u2026 pic.twitter.com\/KjXRqOBUH4<br><br>\u2014 miguel angel (@maikiangelo) August 31, 2022<br><br>\u201cLa granizada dur\u00f3 10 minutos, pero fueron unos 10 minutos de miedo\u201d, a\u00f1adi\u00f3 Vall, que asegur\u00f3 que la tormenta descarg\u00f3 piedras de hielo de hasta 11 cent\u00edmetros de di\u00e1metro.<br><br>Balan\u00e7 de la traca final de tempestes amb fen\u00f2mens violents de l&#8217;\u00faltim dia d&#8217;agost &#x1f4ca; Dades i imatges &#x25b6; https:\/\/t.co\/NWuycdttqc &#x1f4f9; Pau Senabre \/ Vilafranca del Pened\u00e8s #ElTempsTV3 @gemmapuigf @alcantara_alb pic.twitter.com\/hkMy9Ktdtp<br><br>\u2014 El temps (@eltempsTV3) September 1, 2022<br><br>\u201cHa fallecido la ni\u00f1a, que ten\u00eda 20 meses, en nuestro hospital, durante la noche\u201d, confirm\u00f3 sin m\u00e1s precisiones, el Hospital Josep Trueta de Girona, al que fue trasladada la beb\u00e9. <br><br><br>Reportan da\u00f1os en varios veh\u00edculos tras la intensa granizada en #Catalu\u00f1a, Espa\u00f1a. pic.twitter.com\/4sFhats91l<br><br>\u2014 Alerta Cambio Clim\u00e1tico (@AlertaCambio) August 31, 2022<br><br>TE PUEDE INTERESAR: Tormenta deja un muerto y decenas de heridos en el festival Medusa en Espa\u00f1a<br>\u00bfQu\u00e9 origin\u00f3 la tormenta y granizada en Catalu\u00f1a?<br>La tormenta, que ocurri\u00f3 el martes por la tarde y provoc\u00f3 la granizada, se form\u00f3 por la convergencia de vientos originados por lluvias procedentes de Catalu\u00f1a Norte y vientos del sudeste de origen mar\u00edtimo.<br><br>M\u00e1s im\u00e1genes de la granizada en #Catalu\u00f1a, Espa\u00f1a. pic.twitter.com\/d4VLYQcRzo<br><br>\u2014 Alerta Cambio Clim\u00e1tico (@AlertaCambio) August 31, 2022<br><br>Seg\u00fan datos del Servicio Meteorol\u00f3gico de Catalu\u00f1a desde el a\u00f1o 2002 no hab\u00edan ca\u00eddo granizos tan grandes, los cuales da\u00f1aron coches, techos y los vitrales de la iglesia, seg\u00fan im\u00e1genes difundidas por el ayuntamiento y las televisiones.<br><br>As\u00ed estaba el cielo 3 minutos antes de que comenzase la granizada apocal\u00edptica de #Girona #Geoingenier\u00eda #Manipulaci\u00f3nclim\u00e1tica @tv3cat @eltempsTV3 @meteocat pic.twitter.com\/sNvA6JZVXt<br><br>\u2014 @purereason1972 (@purereason1972) August 31, 2022<br>Catalu\u00f1a activa una alerta por \u201ctiempo violento\u201d<br>El Servicio Meteorol\u00f3gico de Catalu\u00f1a activ\u00f3 una alerta por \u201ctiempo violento\u201d, con la posibilidad de que haya tormentas y con granizos de m\u00e1s de 2 cent\u00edmetros de di\u00e1metro, as\u00ed como rachas de viento e incluso peque\u00f1os tornados.<br><br>Barber\u00e0 del Vall\u00e8s pic.twitter.com\/q7rAYz8gs0<br><br>\u2014 \u2606redlove\u2606 (@canillas71) August 31, 2022<br><br><br><br><br><br>INF. DE AGENCIAS\/REDACCI\u00d3N\/AFP\/UNOTV&#8212;&#8212;<br><br><br><br><br><br><br><br><br><br><br><br><br><br><br><br><br><br><\/p>\n","protected":false},"excerpt":{"rendered":"<p>El tama\u00f1o de los granizos que cayeron en Catalu\u00f1a. Foto: Metereol\u00f3gico de Catalu\u00f1aREDACCI\u00d3N\/VOCESC\u00bf VER.COM\/NOTICIAS INTERNACIONAL.- 01 DE SEPTIEMBRE 2022.-DE ACUERDO<\/p>\n","protected":false},"author":2,"featured_media":36972,"comment_status":"open","ping_status":"open","sticky":false,"template":"","format":"standard","meta":{"colormag_page_container_layout":"default_layout","colormag_page_sidebar_layout":"default_layout","footnotes":""},"categories":[6],"tags":[],"class_list":["post-36963","post","type-post","status-publish","format-standard","has-post-thumbnail","hentry","category-internacional"],"_links":{"self":[{"href":"http:\/\/vocesver.com\/noticias\/wp-json\/wp\/v2\/posts\/36963","targetHints":{"allow":["GET"]}}],"collection":[{"href":"http:\/\/vocesver.com\/noticias\/wp-json\/wp\/v2\/posts"}],"about":[{"href":"http:\/\/vocesver.com\/noticias\/wp-json\/wp\/v2\/types\/post"}],"author":[{"embeddable":true,"href":"http:\/\/vocesver.com\/noticias\/wp-json\/wp\/v2\/users\/2"}],"replies":[{"embeddable":true,"href":"http:\/\/vocesver.com\/noticias\/wp-json\/wp\/v2\/comments?post=36963"}],"version-history":[{"count":3,"href":"http:\/\/vocesver.com\/noticias\/wp-json\/wp\/v2\/posts\/36963\/revisions"}],"predecessor-version":[{"id":36971,"href":"http:\/\/vocesver.com\/noticias\/wp-json\/wp\/v2\/posts\/36963\/revisions\/36971"}],"wp:featuredmedia":[{"embeddable":true,"href":"http:\/\/vocesver.com\/noticias\/wp-json\/wp\/v2\/media\/36972"}],"wp:attachment":[{"href":"http:\/\/vocesver.com\/noticias\/wp-json\/wp\/v2\/media?parent=36963"}],"wp:term":[{"taxonomy":"category","embeddable":true,"href":"http:\/\/vocesver.com\/noticias\/wp-json\/wp\/v2\/categories?post=36963"},{"taxonomy":"post_tag","embeddable":true,"href":"http:\/\/vocesver.com\/noticias\/wp-json\/wp\/v2\/tags?post=36963"}],"curies":[{"name":"wp","href":"https:\/\/api.w.org\/{rel}","templated":true}]}}