{"id":36959,"date":"2022-09-01T20:38:18","date_gmt":"2022-09-01T20:38:18","guid":{"rendered":"http:\/\/vocesver.com\/noticias\/?p=36959"},"modified":"2022-09-01T20:39:50","modified_gmt":"2022-09-01T20:39:50","slug":"en-medellin-hacemos-obras-para-todos-sin-distingos-ni-colores-marcos-isleno","status":"publish","type":"post","link":"http:\/\/vocesver.com\/noticias\/en-medellin-hacemos-obras-para-todos-sin-distingos-ni-colores-marcos-isleno\/","title":{"rendered":"En Medell\u00edn hacemos obras para todos, sin distingos ni colores: Marcos Isle\u00f1o"},"content":{"rendered":"\n<p>REDACCI\u00d3N\/VOCESVER.COM\/NOTICIAS<br>Medell\u00edn de Bravo, Ver.01 septiembre del 2022.- Luego de muchos a\u00f1os de ser una demanda constante de los ciudadanos de Paso del Toro, el alcalde Marcos Isle\u00f1o Andrade inaugur\u00f3 los trabajos de pavimentaci\u00f3n de la avenida Insurgentes, en el tramo conocido como la Y Griega.<br><br>En presencia de ciudadanos beneficiados, el presidente municipal dijo sentirse muy satisfecho porque se da cumplimiento a un compromiso asumido durante su campa\u00f1a.<br><br>El tramo pavimentado tiene una longitud de un kil\u00f3metro y medio, beneficiando a por lo menos cinco mil habitantes de la zona, quienes durante muchos a\u00f1os sufrieron las inclemencias de transitar por una avenida terrosa y llena de baches.<br><br>\u201cHoy, con esta obra, me siento muy satisfecho y muy contento porque hemos logrado algo hist\u00f3rico para quienes viven en esta zona de Medell\u00edn. Hoy damos cumplimiento a una demanda muy sentida de los ciudadanos, quienes ahora cuentan con una avenida digna para vivir mejor\u201d, expres\u00f3 el edil medellinense.<br><br>Y agreg\u00f3: \u201cGracias a quienes confiaron y votaron por mi, pero tambi\u00e9n gracias a quienes no votaron por mi, porque ahora est\u00e1n viendo resultados reales. Aqu\u00ed estamos gobernando para todos, sin colores partidistas\u201d.<br><br>En el evento de inauguraci\u00f3n estuvieron presentes vecinos de la zona, quienes agradecieron al Alcalde la obra reci\u00e9n inaugurada, la cual, dijeron, llevaban a\u00f1os demandando a los alcaldes en turno, sin que obtuvieran una respuesta positiva.<br><br>En la ceremonia de inauguraci\u00f3n tambi\u00e9n estuvieron presentes la S\u00edndica, Mar\u00eda Concepci\u00f3n Cruz Santos, los regidores Karina del Carmen Arroniz Palavicini y David Alem\u00e1n Ocampo, adem\u00e1s de la directora de Obras y Desarrollo Urbano, Patricia Ram\u00edrez Silva.<br><br><br><br><br><br><br><br><br><br><br><br><br><br><br><br><br><br><br><br><br><br><br><br><br><br><br><br><br><\/p>\n","protected":false},"excerpt":{"rendered":"<p>REDACCI\u00d3N\/VOCESVER.COM\/NOTICIASMedell\u00edn de Bravo, Ver.01 septiembre del 2022.- Luego de muchos a\u00f1os de ser una demanda constante de los ciudadanos de<\/p>\n","protected":false},"author":2,"featured_media":36965,"comment_status":"open","ping_status":"open","sticky":false,"template":"","format":"standard","meta":{"colormag_page_container_layout":"default_layout","colormag_page_sidebar_layout":"default_layout","footnotes":""},"categories":[2],"tags":[],"class_list":["post-36959","post","type-post","status-publish","format-standard","has-post-thumbnail","hentry","category-infogral"],"_links":{"self":[{"href":"http:\/\/vocesver.com\/noticias\/wp-json\/wp\/v2\/posts\/36959","targetHints":{"allow":["GET"]}}],"collection":[{"href":"http:\/\/vocesver.com\/noticias\/wp-json\/wp\/v2\/posts"}],"about":[{"href":"http:\/\/vocesver.com\/noticias\/wp-json\/wp\/v2\/types\/post"}],"author":[{"embeddable":true,"href":"http:\/\/vocesver.com\/noticias\/wp-json\/wp\/v2\/users\/2"}],"replies":[{"embeddable":true,"href":"http:\/\/vocesver.com\/noticias\/wp-json\/wp\/v2\/comments?post=36959"}],"version-history":[{"count":2,"href":"http:\/\/vocesver.com\/noticias\/wp-json\/wp\/v2\/posts\/36959\/revisions"}],"predecessor-version":[{"id":36964,"href":"http:\/\/vocesver.com\/noticias\/wp-json\/wp\/v2\/posts\/36959\/revisions\/36964"}],"wp:featuredmedia":[{"embeddable":true,"href":"http:\/\/vocesver.com\/noticias\/wp-json\/wp\/v2\/media\/36965"}],"wp:attachment":[{"href":"http:\/\/vocesver.com\/noticias\/wp-json\/wp\/v2\/media?parent=36959"}],"wp:term":[{"taxonomy":"category","embeddable":true,"href":"http:\/\/vocesver.com\/noticias\/wp-json\/wp\/v2\/categories?post=36959"},{"taxonomy":"post_tag","embeddable":true,"href":"http:\/\/vocesver.com\/noticias\/wp-json\/wp\/v2\/tags?post=36959"}],"curies":[{"name":"wp","href":"https:\/\/api.w.org\/{rel}","templated":true}]}}