{"id":36926,"date":"2022-08-30T22:07:58","date_gmt":"2022-08-30T22:07:58","guid":{"rendered":"http:\/\/vocesver.com\/noticias\/?p=36926"},"modified":"2022-08-30T22:08:00","modified_gmt":"2022-08-30T22:08:00","slug":"cursos-de-enfermeria-del-issste-inician-ciclo-escolar-2022-2023","status":"publish","type":"post","link":"http:\/\/vocesver.com\/noticias\/cursos-de-enfermeria-del-issste-inician-ciclo-escolar-2022-2023\/","title":{"rendered":"Cursos de enfermer\u00eda del ISSSTE inician ciclo escolar 2022-2023"},"content":{"rendered":"\n<p>Los cursos brindar\u00e1n herramientas a los estudiantes que les permitan desarrollar mejor su profesi\u00f3n. Foto: ISSSTE<br><br><br>REDACCI\u00d3N\/VOCESVER.COM\/NOTICIAS<br><br>NACIONAL. A 30 DE AGOSTO 2022.- DE ACUERDO CON INFORMACI\u00d3N DE REDACCI\u00d3N\/UNOTV&#8230;&#8230;El ciclo escolar 2022-2023 tambi\u00e9n arranc\u00f3 en el ISSSTE con sus cursos de enfermer\u00eda en 41 sedes de 18 estados, con 41 cursos post\u00e9cnicos, dos de enfermer\u00eda general y dos de licenciatura para beneficio de 394 estudiantes.<br><br>La importancia de iniciar los cursos de la Unidad de Profesionalizaci\u00f3n y Escuela Nacional de Enfermer\u00eda (UPyENE) es brindar herramientas al personal de enfermer\u00eda que permitir\u00e1n desarrollar mejor su profesi\u00f3n y enaltecer el servicio del ISSSTE en beneficio de 13.6 millones de derechohabientes.<br><br>ISSSTE arranca sus cursos de enfermer\u00eda<br>El director general del ISSSTE, Pedro Zenteno Santaella, mantiene la estrategia de apoyar al personal y brindar un servicio de calidad. De ah\u00ed la invitaci\u00f3n a los que se sumaron a los cursos de enfermer\u00eda a ser parte del proceso de transformaci\u00f3n del organismo, consolidarlo como punta de lanza en el sector Salud y cumplir la meta establecida por el gobierno de M\u00e9xico.<br><br><br>La #UPyENE del instituto inici\u00f3 clases en 41 sedes de 18 estados con 41 cursos post\u00e9cnicos, dos de enfermer\u00eda en general y dos de licenciatura para beneficio de 394 alumnas y alumnos. pic.twitter.com\/SXrVwz51NZ<br><br>\u2014 ISSSTE (@ISSSTE_mx) August 29, 2022<br>De acuerdo con la directora de la UPyENE, Mar\u00eda Guadalupe Jara Salda\u00f1a, con el inicio de este ciclo escolar, el personal de enfermer\u00eda del ISSSTE reafirma el compromiso de avanzar en el mejoramiento del servicio y prepararse para atender a la poblaci\u00f3n derechohabiente con humanismo, calidad y calidez.<br><br><br>La inauguraci\u00f3n de los cursos se llev\u00f3 a cabo en el auditorio del Centro Social, Cultural y Deportivo del Sindicato Nacional de Trabajadores del ISSSTE (SNTISSSTE) con alumnos presentes y v\u00eda virtual.<br><br><br>Candelaria Avenda\u00f1o Ballinas, jefa nacional de Enfermer\u00eda del ISSSTE, en representaci\u00f3n del director normativo de Salud, Ramiro L\u00f3pez Elizalde, exhort\u00f3 a las y los alumnos a enfrentar las dificultades a trav\u00e9s del conocimiento y trazar caminos para ponerlos en pr\u00e1ctica.<br><br>A\u00f1adi\u00f3 que al terminar los cursos \u201cse podr\u00e1 percibir un mejor desempe\u00f1o del personal de enfermer\u00eda para que juntos logremos un instituto m\u00e1s s\u00f3lido y ser pilar del sector Salud en M\u00e9xico\u201d.<br><br><br><br>INF. DE REDACCI\u00d3N\/UNOTV&#8230;.<br><br><br><br><br><br><br><br><br><br><br><br><br><br><br><br><br><br><br><\/p>\n","protected":false},"excerpt":{"rendered":"<p>Los cursos brindar\u00e1n herramientas a los estudiantes que les permitan desarrollar mejor su profesi\u00f3n. Foto: ISSSTE REDACCI\u00d3N\/VOCESVER.COM\/NOTICIAS NACIONAL. A 30<\/p>\n","protected":false},"author":2,"featured_media":36931,"comment_status":"open","ping_status":"open","sticky":false,"template":"","format":"standard","meta":{"colormag_page_container_layout":"default_layout","colormag_page_sidebar_layout":"default_layout","footnotes":""},"categories":[5],"tags":[],"class_list":["post-36926","post","type-post","status-publish","format-standard","has-post-thumbnail","hentry","category-nacional"],"_links":{"self":[{"href":"http:\/\/vocesver.com\/noticias\/wp-json\/wp\/v2\/posts\/36926","targetHints":{"allow":["GET"]}}],"collection":[{"href":"http:\/\/vocesver.com\/noticias\/wp-json\/wp\/v2\/posts"}],"about":[{"href":"http:\/\/vocesver.com\/noticias\/wp-json\/wp\/v2\/types\/post"}],"author":[{"embeddable":true,"href":"http:\/\/vocesver.com\/noticias\/wp-json\/wp\/v2\/users\/2"}],"replies":[{"embeddable":true,"href":"http:\/\/vocesver.com\/noticias\/wp-json\/wp\/v2\/comments?post=36926"}],"version-history":[{"count":2,"href":"http:\/\/vocesver.com\/noticias\/wp-json\/wp\/v2\/posts\/36926\/revisions"}],"predecessor-version":[{"id":36932,"href":"http:\/\/vocesver.com\/noticias\/wp-json\/wp\/v2\/posts\/36926\/revisions\/36932"}],"wp:featuredmedia":[{"embeddable":true,"href":"http:\/\/vocesver.com\/noticias\/wp-json\/wp\/v2\/media\/36931"}],"wp:attachment":[{"href":"http:\/\/vocesver.com\/noticias\/wp-json\/wp\/v2\/media?parent=36926"}],"wp:term":[{"taxonomy":"category","embeddable":true,"href":"http:\/\/vocesver.com\/noticias\/wp-json\/wp\/v2\/categories?post=36926"},{"taxonomy":"post_tag","embeddable":true,"href":"http:\/\/vocesver.com\/noticias\/wp-json\/wp\/v2\/tags?post=36926"}],"curies":[{"name":"wp","href":"https:\/\/api.w.org\/{rel}","templated":true}]}}