{"id":36442,"date":"2022-08-05T21:01:20","date_gmt":"2022-08-05T21:01:20","guid":{"rendered":"http:\/\/vocesver.com\/noticias\/?p=36442"},"modified":"2022-08-05T21:03:18","modified_gmt":"2022-08-05T21:03:18","slug":"el-ingeniero-baruch-fonseca-cumplio-un-ano-mas-de-vida","status":"publish","type":"post","link":"http:\/\/vocesver.com\/noticias\/el-ingeniero-baruch-fonseca-cumplio-un-ano-mas-de-vida\/","title":{"rendered":"EL INGENIERO BARUCH FONSECA  CUMPLI\u00d3 UN A\u00d1O M\u00c1S DE VIDA."},"content":{"rendered":"\n<p><br><br><br>REDACCI\u00d3N\/VOCESVER.COM\/NOTICIAS<br><br><br>Veracruz,Ver.- a 05 de Agosto 2022.- Acompa\u00f1ado de su hija y uno de sus nietos el ingeniero  Emigdio Baruch Fonseca festej\u00f3 este viernes un a\u00f1o m\u00e1s de vida. El ingeniero agr\u00f3nomo quien tiene mucha experiencia en el ramo se tom\u00f3 el tradicional lecherito acompa\u00f1ado de una pieza de pan en el Gran Caf\u00e9 del Portal de la Ciudad de Veracruz donde se la pas\u00f3 muy contento en compa\u00f1\u00eda de sus familiares y amigos de quien recibi\u00f3 infinidad de muestras de cari\u00f1o  y muchas felicitaciones. Tas convivir  un rato en este caf\u00e9 se dirigi\u00f3 a su domicilio donde sigui\u00f3 festejando su aniversario en compa\u00f1\u00eda de su esposa y el resto de su familia. \u00a1\u00a1\u00a1Muchas Felicidades\u00a1\u00a1\u00a1\u00a1 Baruch\u2026Que siga la Fiesta. Foto Ausencio RIVERA\u2026..<br><br><br><br><br><br><br><br><br><br><br><br><br><br><br><br><br><br><br><br><br><br><br><br><br><br><br><br><br><br><br><br><br><br><br><br><br><br><br><br><br><br><br><br><br><br><br><br><br><br><br><br><br><br><\/p>\n","protected":false},"excerpt":{"rendered":"<p>REDACCI\u00d3N\/VOCESVER.COM\/NOTICIAS Veracruz,Ver.- a 05 de Agosto 2022.- Acompa\u00f1ado de su hija y uno de sus nietos el ingeniero Emigdio Baruch<\/p>\n","protected":false},"author":2,"featured_media":36450,"comment_status":"open","ping_status":"open","sticky":false,"template":"","format":"standard","meta":{"colormag_page_container_layout":"default_layout","colormag_page_sidebar_layout":"default_layout","footnotes":""},"categories":[2],"tags":[],"class_list":["post-36442","post","type-post","status-publish","format-standard","has-post-thumbnail","hentry","category-infogral"],"_links":{"self":[{"href":"http:\/\/vocesver.com\/noticias\/wp-json\/wp\/v2\/posts\/36442","targetHints":{"allow":["GET"]}}],"collection":[{"href":"http:\/\/vocesver.com\/noticias\/wp-json\/wp\/v2\/posts"}],"about":[{"href":"http:\/\/vocesver.com\/noticias\/wp-json\/wp\/v2\/types\/post"}],"author":[{"embeddable":true,"href":"http:\/\/vocesver.com\/noticias\/wp-json\/wp\/v2\/users\/2"}],"replies":[{"embeddable":true,"href":"http:\/\/vocesver.com\/noticias\/wp-json\/wp\/v2\/comments?post=36442"}],"version-history":[{"count":2,"href":"http:\/\/vocesver.com\/noticias\/wp-json\/wp\/v2\/posts\/36442\/revisions"}],"predecessor-version":[{"id":36449,"href":"http:\/\/vocesver.com\/noticias\/wp-json\/wp\/v2\/posts\/36442\/revisions\/36449"}],"wp:featuredmedia":[{"embeddable":true,"href":"http:\/\/vocesver.com\/noticias\/wp-json\/wp\/v2\/media\/36450"}],"wp:attachment":[{"href":"http:\/\/vocesver.com\/noticias\/wp-json\/wp\/v2\/media?parent=36442"}],"wp:term":[{"taxonomy":"category","embeddable":true,"href":"http:\/\/vocesver.com\/noticias\/wp-json\/wp\/v2\/categories?post=36442"},{"taxonomy":"post_tag","embeddable":true,"href":"http:\/\/vocesver.com\/noticias\/wp-json\/wp\/v2\/tags?post=36442"}],"curies":[{"name":"wp","href":"https:\/\/api.w.org\/{rel}","templated":true}]}}