{"id":36436,"date":"2022-08-04T22:12:22","date_gmt":"2022-08-04T22:12:22","guid":{"rendered":"http:\/\/vocesver.com\/noticias\/?p=36436"},"modified":"2022-08-04T22:15:42","modified_gmt":"2022-08-04T22:15:42","slug":"listos-vamos-por-un-buen-resultado-en-la-septima-fecha-de-copa-notiauto-laura-sanz","status":"publish","type":"post","link":"http:\/\/vocesver.com\/noticias\/listos-vamos-por-un-buen-resultado-en-la-septima-fecha-de-copa-notiauto-laura-sanz\/","title":{"rendered":"*Listos, vamos por un buen resultado en la s\u00e9ptima fecha de Copa Notiauto: Laura Sanz*"},"content":{"rendered":"\n<p><br><br><br><br>*La veracruzana correr\u00e1 en el Aut\u00f3dromo Hermanos Rodr\u00edguez de CDMX<br><br><br>REDACCI\u00d3N\/VOCESVER.COM\/NOTICIAS<br><br>(Veracruz, Ver., a 4 de agosto de 2022).- \u201cEl campeonato sigue muy re\u00f1ido nada est\u00e1 escrito, vamos a seguir peleando por este campeonato, pues estamos aspirando a lograrlo\u201d, se\u00f1al\u00f3 la piloto profesional veracruzana Laura Sanz Ortiz que entra en acci\u00f3n este s\u00e1bado 6 de agosto en la s\u00e9ptima fecha de la Copa 1.8 en el Aut\u00f3dromo Hermanos Rodr\u00edguez de la Ciudad de M\u00e9xico.<br><br>\u201cEs una carrera muy importante para nosotros en la temporada, ya que ser\u00e1 solamente una carrera con duraci\u00f3n de una hora, por lo tanto se sumar\u00e1n puntos al doble; es una buena oportunidad para seguir escalando en el campeonato de pilotos.<br><br>Despu\u00e9s de esos puntos que nos retiraron hace unas fechas en la campa\u00f1a, poco a poco hemos ido subiendo pelda\u00f1os, es muy importante en esta carrera tener paciencia y poder llegar en los primeros lugares para seguir subiendo y sumando puntos para el campeonato de pilotos pues ya no quedan tantas fechas por disputarse.<br><br>Agreg\u00f3.<br><br>Debemos estar muy concentrados en esa hora de carrera, en tener paciencia y cuidado con los contactos para poder terminar la carrera en una muy buena posici\u00f3n y esperar que el tiempo y las condiciones nos favorezcan y poder tener un gran fin de semana. El campeonato sigue muy re\u00f1ido nada est\u00e1 escrito, vamos a seguir peleando por este campeonato, pues estamos aspirando a lograrlo\u201d, indic\u00f3 la deportista motor veracruzana.<br><br>Laura Sanz Ortiz y Armando de la Mora correr\u00e1n este fin de semana en la capital del pa\u00eds, en el circuito del Foro Sol, trazado de 4 mil 304 metros de longitud, una de las pistas m\u00e1s atractivas del serial Copa Notiauto 2022.<br><br>Ambos pilotos agradecen el apoyo de familiares, amigos y de los patrocinadores que permiten estar compitiendo entre los mejores del serial automovilistico, en este campeonato de la categor\u00eda Copa 1.8 de la temporada Notiauto 2022.<br><br><br><br><br><br><br><br><br><br><br><br><br><br><br><br><br><br><br><br><br><br><br><br><br><br><br><br><br><br><br><br><br><br><br><br><br><br><br><br><br><br><br><br><\/p>\n","protected":false},"excerpt":{"rendered":"<p>*La veracruzana correr\u00e1 en el Aut\u00f3dromo Hermanos Rodr\u00edguez de CDMX REDACCI\u00d3N\/VOCESVER.COM\/NOTICIAS (Veracruz, Ver., a 4 de agosto de 2022).- \u201cEl<\/p>\n","protected":false},"author":2,"featured_media":36446,"comment_status":"open","ping_status":"open","sticky":false,"template":"","format":"standard","meta":{"colormag_page_container_layout":"default_layout","colormag_page_sidebar_layout":"default_layout","footnotes":""},"categories":[2],"tags":[],"class_list":["post-36436","post","type-post","status-publish","format-standard","has-post-thumbnail","hentry","category-infogral"],"_links":{"self":[{"href":"http:\/\/vocesver.com\/noticias\/wp-json\/wp\/v2\/posts\/36436","targetHints":{"allow":["GET"]}}],"collection":[{"href":"http:\/\/vocesver.com\/noticias\/wp-json\/wp\/v2\/posts"}],"about":[{"href":"http:\/\/vocesver.com\/noticias\/wp-json\/wp\/v2\/types\/post"}],"author":[{"embeddable":true,"href":"http:\/\/vocesver.com\/noticias\/wp-json\/wp\/v2\/users\/2"}],"replies":[{"embeddable":true,"href":"http:\/\/vocesver.com\/noticias\/wp-json\/wp\/v2\/comments?post=36436"}],"version-history":[{"count":2,"href":"http:\/\/vocesver.com\/noticias\/wp-json\/wp\/v2\/posts\/36436\/revisions"}],"predecessor-version":[{"id":36444,"href":"http:\/\/vocesver.com\/noticias\/wp-json\/wp\/v2\/posts\/36436\/revisions\/36444"}],"wp:featuredmedia":[{"embeddable":true,"href":"http:\/\/vocesver.com\/noticias\/wp-json\/wp\/v2\/media\/36446"}],"wp:attachment":[{"href":"http:\/\/vocesver.com\/noticias\/wp-json\/wp\/v2\/media?parent=36436"}],"wp:term":[{"taxonomy":"category","embeddable":true,"href":"http:\/\/vocesver.com\/noticias\/wp-json\/wp\/v2\/categories?post=36436"},{"taxonomy":"post_tag","embeddable":true,"href":"http:\/\/vocesver.com\/noticias\/wp-json\/wp\/v2\/tags?post=36436"}],"curies":[{"name":"wp","href":"https:\/\/api.w.org\/{rel}","templated":true}]}}