{"id":36432,"date":"2022-08-04T21:52:48","date_gmt":"2022-08-04T21:52:48","guid":{"rendered":"http:\/\/vocesver.com\/noticias\/?p=36432"},"modified":"2022-08-04T22:07:43","modified_gmt":"2022-08-04T22:07:43","slug":"que-dirigencia-nacional-de-morena-aplique-sanciones-a-quienes-cometiero-irregularidadesreyes-cruz","status":"publish","type":"post","link":"http:\/\/vocesver.com\/noticias\/que-dirigencia-nacional-de-morena-aplique-sanciones-a-quienes-cometiero-irregularidadesreyes-cruz\/","title":{"rendered":"QUE DIRIGENCIA NACIONAL DE MORENA APLIQUE  SANCIONES A QUIENES COMETIERON IRREGULARIDADES:REYES CRUZ"},"content":{"rendered":"\n<p>AUSENCIO RIVERA\/VOCESVER.COM\/NOTCIAS<br>Veracruz,Ver.- a 04 de Agosto 2022.-El activistas social y miembro fundador del Movimiento  de Regeneraci\u00f3n Nacional (Morena)en el municipio de Veracruz C.P. Jos\u00e9 Reyes Cruz el dirigente nacional de este partido Mario Delgado debe de aplicar sanciones en contra de quienes cometieron irregularidades  en el proceso interno del pasado 30 de Julio en el Estado de Veracruz.<br>En Conferencia de medios el morenista reconoci\u00f3 que el pasado proceso interno \u201cnos hizo recordar los viejos tiempos del priismo y sus tranzas en los procesos electorales \u201c.<br>Definitivamente estas irregularidades que afectan al partido deben de tener consecuencias y por ende se deben aplicar sanciones ejemplares a los responsables de los estados donde se cometieron.<br>Con la aplicaci\u00f3n de correctivos o sanciones deremos certeza y mayor confianza a la militancia que participe en pr\u00f3ximos procesos electorales abund\u00f3.<br>Esto tambi\u00e9n evitar\u00eda que Morena se convierta en una sucursal de los viejos partidos y sus malas ma\u00f1as asever\u00f3.<br><br><br><br><br><br><br><br><br><br><br><br><br><br><br><br><br><br><br><br><br><br><br><br><br><br><br><br><br><br><br><br><br><br><br><br><br><br><br><br><br><br><br><br><\/p>\n","protected":false},"excerpt":{"rendered":"<p>AUSENCIO RIVERA\/VOCESVER.COM\/NOTCIASVeracruz,Ver.- a 04 de Agosto 2022.-El activistas social y miembro fundador del Movimiento de Regeneraci\u00f3n Nacional (Morena)en el municipio<\/p>\n","protected":false},"author":2,"featured_media":36438,"comment_status":"open","ping_status":"open","sticky":false,"template":"","format":"standard","meta":{"colormag_page_container_layout":"default_layout","colormag_page_sidebar_layout":"default_layout","footnotes":""},"categories":[2],"tags":[],"class_list":["post-36432","post","type-post","status-publish","format-standard","has-post-thumbnail","hentry","category-infogral"],"_links":{"self":[{"href":"http:\/\/vocesver.com\/noticias\/wp-json\/wp\/v2\/posts\/36432","targetHints":{"allow":["GET"]}}],"collection":[{"href":"http:\/\/vocesver.com\/noticias\/wp-json\/wp\/v2\/posts"}],"about":[{"href":"http:\/\/vocesver.com\/noticias\/wp-json\/wp\/v2\/types\/post"}],"author":[{"embeddable":true,"href":"http:\/\/vocesver.com\/noticias\/wp-json\/wp\/v2\/users\/2"}],"replies":[{"embeddable":true,"href":"http:\/\/vocesver.com\/noticias\/wp-json\/wp\/v2\/comments?post=36432"}],"version-history":[{"count":3,"href":"http:\/\/vocesver.com\/noticias\/wp-json\/wp\/v2\/posts\/36432\/revisions"}],"predecessor-version":[{"id":36440,"href":"http:\/\/vocesver.com\/noticias\/wp-json\/wp\/v2\/posts\/36432\/revisions\/36440"}],"wp:featuredmedia":[{"embeddable":true,"href":"http:\/\/vocesver.com\/noticias\/wp-json\/wp\/v2\/media\/36438"}],"wp:attachment":[{"href":"http:\/\/vocesver.com\/noticias\/wp-json\/wp\/v2\/media?parent=36432"}],"wp:term":[{"taxonomy":"category","embeddable":true,"href":"http:\/\/vocesver.com\/noticias\/wp-json\/wp\/v2\/categories?post=36432"},{"taxonomy":"post_tag","embeddable":true,"href":"http:\/\/vocesver.com\/noticias\/wp-json\/wp\/v2\/tags?post=36432"}],"curies":[{"name":"wp","href":"https:\/\/api.w.org\/{rel}","templated":true}]}}