{"id":36427,"date":"2022-08-04T21:29:41","date_gmt":"2022-08-04T21:29:41","guid":{"rendered":"http:\/\/vocesver.com\/noticias\/?p=36427"},"modified":"2022-08-04T21:29:43","modified_gmt":"2022-08-04T21:29:43","slug":"anuncia-aeev-ante-ccevb-arribo-de-la-titular-de-sener","status":"publish","type":"post","link":"http:\/\/vocesver.com\/noticias\/anuncia-aeev-ante-ccevb-arribo-de-la-titular-de-sener\/","title":{"rendered":"Anuncia AEEV ante CCEVB arribo de la titular de SENER"},"content":{"rendered":"\n<p><br><br>\u00b0Nahle viene a la Expo Energ\u00eda<br><br>\u00b0Aperturar\u00e1n el evento en Secretario de Desarrollo Econ\u00f3mico, Enrique Nach\u00f3n Garc\u00eda; el Gobernador de Veracruz, Cuitlahuac Garc\u00eda Jim\u00e9nez, y la Secretaria de Energ\u00eda federal, Norma Roc\u00edo Nahle que ofrecer\u00e1 una conferencia magistral.**Empresarios de Veracruz y Boca del R\u00edo aplauden foro energ\u00e9tico.<br><br><br>REDACCI\u00d3N\/VOCESVER.COM\/NOTICIAS<br><br>Veracruz, Ver., jueves 04 de agosto de 2022.- Ante empresarios del Consejo Coordinador Empresarial Veracruz- Boca del R\u00edo A.C., el Director General de la Agencia Estatal de Energ\u00eda de Veracruz (AEEV), R\u00f3mulo S\u00e1nchez Vel\u00e1zquez, anunci\u00f3 que del 7 al 9 de septiembre se llevar\u00e1 a cabo la Expo Energ\u00eda Veracruz 2022 cuya invitada especial ser\u00e1 la Secretaria de Energ\u00eda del Gobierno de M\u00e9xico, Norma Roc\u00edo Nahle Garc\u00eda.<br><br>La sede de este foro internacional que nuevamente se retomar\u00e1 en su modalidad presencial tras el confinamiento al que oblig\u00f3 la pandemia por COVID-19, ser\u00e1 el World Trade Center de Boca del R\u00edo y los ejes tem\u00e1ticos considerados son la Soberan\u00eda Energ\u00e9tica, Transici\u00f3n Energ\u00e9tica y Sector Energ\u00e9tico en la Educaci\u00f3n.<br><br>\u201cTenemos del 7 al 9 de septiembre para dar a conocer todas estas inversiones y para dar a conocer las inversiones en el estado, tenemos programada una Expo Energ\u00eda que cada a\u00f1o la venimos haciendo, iniciamos en 2020, en 2021 hicimos las conferencias, no tuvimos exposici\u00f3n comercial y este a\u00f1o se va a abrir completamente, habr\u00e1 conferencias y salas de exposici\u00f3n comercial\u201d, destac\u00f3 S\u00e1nchez Vel\u00e1zquez.<br><br>El inicio de la Expo Energ\u00eda Veracruz 2022 ser\u00e1 a las 16:00 horas del 7 de septiembre con un mensaje de apertura por parte del Secretario de Desarrollo Econ\u00f3mico, Enrique Nach\u00f3n Garc\u00eda, posteriormente, el Gobernador de Veracruz, Cuitlahuac Garc\u00eda Jim\u00e9nez, dar\u00e1 su discurso de bienvenida y finalmente, la Secretaria de Energ\u00eda federal, Norma Roc\u00edo Nahle, ofrecer\u00e1 una conferencia magistral.<br><br>Confirmaron su asistencia a este foro energ\u00e9tico que se realizar\u00e1 por tercer a\u00f1o consecutivo, autoridades de la Comisi\u00f3n Federal de Electricidad (CFE); Comisi\u00f3n Nacional de Hidrocarburos; Comisi\u00f3n Reguladora de Energ\u00eda y Petr\u00f3leos Mexicanos, entre otras.<br><br>Asimismo, por parte de la iniciativa privada han confirmado su asistencia representantes de Hokchi Energy, Eni M\u00e9xico, Jaguar EP, Tenaris Tamsa y Nuvoil S.A. de C.V., etc.<br><br>Las conferencias tendr\u00e1n lugar en los salones<br>Ul\u00faa y Taj\u00edn del WTC.<br><br>\u201cEl plan del gobierno federal es lograr la soberan\u00eda energ\u00e9tica, (este foro) es para tratar temas de cu\u00e1l es el plan y como se pretende lograr y tambi\u00e9n hablamos de sostenibilidad, de energ\u00edas limpias, y adem\u00e1s incluimos un tema de educaci\u00f3n para que todos nos puedan acompa\u00f1ar y visitar\u201d, subray\u00f3 el titular de la Asociaci\u00f3n Estatal de Energ\u00eda de Veracruz (AEEV).<br><br>La Expo Energ\u00eda Veracruz 2022 es un evento dirigido al sector energ\u00e9tico y un espacio abierto para dar a conocer lo m\u00e1s avanzado en tecnolog\u00eda, innovaci\u00f3n, inversiones y tendencias que permitir\u00e1n adentrarse en los sectores el\u00e9ctrico, renovables e hidrocarburos.<br><br>Los empresarios y autoridades invitadas expondr\u00e1n la transformaci\u00f3n del sector a nivel global y su impacto en la consolidaci\u00f3n energ\u00e9tica de M\u00e9xico, tambi\u00e9n, encontrar\u00e1n una sala de exposici\u00f3n comercial con los actores m\u00e1s importantes del sector energ\u00e9tico, permitiendo reactivar la econom\u00eda local.<br><br>Hasta el momento, uno de los expositores que ha confirmado, por citar un ejemplo, es el Ing. Andr\u00e9s Br\u00fcgmann, Vicepresidente de Hokchi Energy quien participar\u00e1 con la Ponencia \u201cDesarrollo de Campos con Responsabilidad Social\u201d.<br><br>De igual manera, nuevos integrantes se sumar\u00e1n a este foro por primera ocasi\u00f3n como Mi Gas Natural, migasnatural.com.mx, empresa orgullosamente mexicana que participar\u00e1 como Aliado Platino en este magno evento as\u00ed como HechoenVeracruzOficial, que participar\u00e1 como expositor comercial por nombrar algunos.<br><br>Del 7 al 9 de septiembre se esperan en la Expo Energ\u00eda Veracruz 2022 a un estimado de mil 500 visitantes en la modalidad presencial; m\u00e1s de 2 mil 300 visitantes en la modalidad virtual; aliados estrat\u00e9gicos y stands virtuales con proveedores del sector energ\u00e9tico; m\u00e1s de 13 mil visitas a la p\u00e1gina oficial del evento as\u00ed como ponentes nacionales e internacionales.<br><br>El Consejo Coordinador Empresarial Veracruz- Boca del R\u00edo A.C., que preside el C.P. Luis Antonio Exsome Zapata, fue sede de la reuni\u00f3n del Ing. R\u00f3mulo S\u00e1nchez Vel\u00e1zquez, Director General de la Agencia Estatal de Energ\u00eda del Estado de Veracruz (AEEEV) con presidentes de los organismos asociados que integran el CCEVB \u201corganismo de organismos\u201d a nivel empresarial.<br><br>Entre los presidentes de c\u00e1mara que asistieron al encuentro est\u00e1 el Presidente de la CMIC Veracruz, Ing. Jorge Alard\u00edn C\u00f3rdova; Ing. Gerardo Z\u00e1rate Ger\u00f3n, Presidente de CIME Veracruz; Sergio Lavalle, consejero AMPI Veracruz; Arq. Daniel Charis Carrasco, Presidente de CIVEVAC; Arq. Pedro Antonio Alba Casis, Presidente del Colegio de Arquitectos del Puerto de Veracruz A.C.; Lic. Rodolfo Alc\u00e1ntara, Presidente de Canadevi Veracruz; C.P. Juanita Utrera Ortega, Presidenta AMEXME Cap\u00edtulo Veracruz Metropolitano; C.P. Ram\u00f3n Ortega D\u00edaz, Presidente Colegio de Contadores P\u00fablicos del Estado de Veracruz A.C.; Ing. Ulises Cervantes Espinosa, consejero del Colegio de Ingenieros Civiles del Estado de Veracruz; Jos\u00e9 Vicente Ram\u00edrez Cort\u00e9s, presidente de la Asociaci\u00f3n de Ingenieros Mec\u00e1nicos Electricistas de Veracruz y el Director General de COMCE Veracruz, Jos\u00e9 Luis Valencia Montano.<br><br><br><br><br><br><br><br><br><br><br><br><br><br><br><br><br><br><br><br><br><br><br><br><br><br><br><br><br><br><br><br><br><br><br><br><br><br><br><br><br><br><br><br><br><br><br><br><br><br><br><br><br><br><br><br><br><\/p>\n","protected":false},"excerpt":{"rendered":"<p>\u00b0Nahle viene a la Expo Energ\u00eda \u00b0Aperturar\u00e1n el evento en Secretario de Desarrollo Econ\u00f3mico, Enrique Nach\u00f3n Garc\u00eda; el Gobernador de<\/p>\n","protected":false},"author":2,"featured_media":36433,"comment_status":"open","ping_status":"open","sticky":false,"template":"","format":"standard","meta":{"colormag_page_container_layout":"default_layout","colormag_page_sidebar_layout":"default_layout","footnotes":""},"categories":[2],"tags":[],"class_list":["post-36427","post","type-post","status-publish","format-standard","has-post-thumbnail","hentry","category-infogral"],"_links":{"self":[{"href":"http:\/\/vocesver.com\/noticias\/wp-json\/wp\/v2\/posts\/36427","targetHints":{"allow":["GET"]}}],"collection":[{"href":"http:\/\/vocesver.com\/noticias\/wp-json\/wp\/v2\/posts"}],"about":[{"href":"http:\/\/vocesver.com\/noticias\/wp-json\/wp\/v2\/types\/post"}],"author":[{"embeddable":true,"href":"http:\/\/vocesver.com\/noticias\/wp-json\/wp\/v2\/users\/2"}],"replies":[{"embeddable":true,"href":"http:\/\/vocesver.com\/noticias\/wp-json\/wp\/v2\/comments?post=36427"}],"version-history":[{"count":2,"href":"http:\/\/vocesver.com\/noticias\/wp-json\/wp\/v2\/posts\/36427\/revisions"}],"predecessor-version":[{"id":36434,"href":"http:\/\/vocesver.com\/noticias\/wp-json\/wp\/v2\/posts\/36427\/revisions\/36434"}],"wp:featuredmedia":[{"embeddable":true,"href":"http:\/\/vocesver.com\/noticias\/wp-json\/wp\/v2\/media\/36433"}],"wp:attachment":[{"href":"http:\/\/vocesver.com\/noticias\/wp-json\/wp\/v2\/media?parent=36427"}],"wp:term":[{"taxonomy":"category","embeddable":true,"href":"http:\/\/vocesver.com\/noticias\/wp-json\/wp\/v2\/categories?post=36427"},{"taxonomy":"post_tag","embeddable":true,"href":"http:\/\/vocesver.com\/noticias\/wp-json\/wp\/v2\/tags?post=36427"}],"curies":[{"name":"wp","href":"https:\/\/api.w.org\/{rel}","templated":true}]}}