{"id":36411,"date":"2022-08-03T22:15:02","date_gmt":"2022-08-03T22:15:02","guid":{"rendered":"http:\/\/vocesver.com\/noticias\/?p=36411"},"modified":"2022-08-03T22:18:28","modified_gmt":"2022-08-03T22:18:28","slug":"lava-ardiente-volcan-entra-en-erupcion-en-islandia-asi-puedes-verlo-en-vivo","status":"publish","type":"post","link":"http:\/\/vocesver.com\/noticias\/lava-ardiente-volcan-entra-en-erupcion-en-islandia-asi-puedes-verlo-en-vivo\/","title":{"rendered":"\u00a1Lava ardiente! Volc\u00e1n entra en erupci\u00f3n en Islandia; as\u00ed puedes verlo en vivo"},"content":{"rendered":"\n<p>Volc\u00e1n entr\u00f3 en erupci\u00f3n, a 40 kil\u00f3metros de Reikiavik, capital de Islandia. Foto: Reuters \/ Ilustrativa<br><br><br>REDACCI\u00d3N7VOCESVER.COM\/NOTICIAS<br><br>IMNTERNACIONAL.- A 3 DE AGOSTO 2022.- DE ACUERDO CON INFORMACI\u00d3N DE AGENCIA\/AFP&#8230;&#8230;..Un volc\u00e1n entr\u00f3 en erupci\u00f3n este mi\u00e9rcoles en las cercan\u00edas de Reikiavik, la capital de Islandia, inform\u00f3 el Instituto Meteorol\u00f3gico de este pa\u00eds n\u00f3rdico, en tanto que medios locales mostraron im\u00e1genes de la lava manando de la tierra.<br><br><br>Nueva #erupci\u00f3n fisural confirmada en #Islandia &#x1f1ee;&#x1f1f8; hoy 3 de agosto de 2022<br><br>&#x1f30b;<br><br>En mayo de 2021 vivimos as\u00ed la erupci\u00f3n del volc\u00e1n #Fagradalsfjall #icelanderuption #Volcano pic.twitter.com\/6KqZzk5OuH<br><br>\u2014 Ge\u00f3l. Sergio Almaz\u00e1n (@chematierra) August 3, 2022<br>La erupci\u00f3n se produjo a unos 40 kil\u00f3metros de Reikiavik, cerca del monte Fagradalsfjall donde en 2021 un volc\u00e1n estuvo en erupci\u00f3n durante seis meses.<br><br>&#x1f1ee;&#x1f1f8;#ISLANDIA &#x1f6a8;#URGENTE | Entr\u00f3 en erupci\u00f3n un volc\u00e1n a 40 kil\u00f3metros de #Reikiavik, cerca del monte #Fagradalsfjall. #RochexRB27 pic.twitter.com\/FVTcalCrWP<br><br>\u2014 Rochex Rababel Robinson Bonilla (@RochexRB27) August 3, 2022<br>\u201cComenz\u00f3 una erupci\u00f3n cerca de Fagradalsfjall. La ubicaci\u00f3n exacta todav\u00eda est\u00e1 por confirmar\u201d, indic\u00f3 el Instituto Meteorol\u00f3gico, que sigue la actividad s\u00edsmica. <br><br><br>La erupci\u00f3n comenz\u00f3 en el valle de Meradalir<br>Pese a que no hay una columna de cenizas, el Instituto dijo que \u201ces posible que se detecte contaminaci\u00f3n debido a las emisiones de gases\u201d. <br><br><br>Actualmente no hay ning\u00fan vuelo afectado, indic\u00f3 la autoridad nacional aeroportuaria. <br><br><br>El monte Fagradalsfjall pertenece al sistema volc\u00e1nico de Krysuvik de la pens\u00ednsula de Reykjanes, en el suroeste de Islandia. <br><br><br>Islandia tiene 32 sistemas volc\u00e1nicos considerados activos, el mayor numero de toda Europa. <br><br>Sigue en vivo la erupci\u00f3n del volc\u00e1n en Islandia<br><br><br>INF. DE AGENCIA\/AFP&#8230;&#8230;<br><br><br><br><br><br><br><br><br><br><br><br><br><br><br><br><br><br><br><br><br><br><br><br><br><br><br><br><br><br><br><br><br><br><br><br><br><br><br><br><br><\/p>\n","protected":false},"excerpt":{"rendered":"<p>Volc\u00e1n entr\u00f3 en erupci\u00f3n, a 40 kil\u00f3metros de Reikiavik, capital de Islandia. Foto: Reuters \/ Ilustrativa REDACCI\u00d3N7VOCESVER.COM\/NOTICIAS IMNTERNACIONAL.- A 3<\/p>\n","protected":false},"author":2,"featured_media":36421,"comment_status":"open","ping_status":"open","sticky":false,"template":"","format":"standard","meta":{"colormag_page_container_layout":"default_layout","colormag_page_sidebar_layout":"default_layout","footnotes":""},"categories":[6],"tags":[],"class_list":["post-36411","post","type-post","status-publish","format-standard","has-post-thumbnail","hentry","category-internacional"],"_links":{"self":[{"href":"http:\/\/vocesver.com\/noticias\/wp-json\/wp\/v2\/posts\/36411","targetHints":{"allow":["GET"]}}],"collection":[{"href":"http:\/\/vocesver.com\/noticias\/wp-json\/wp\/v2\/posts"}],"about":[{"href":"http:\/\/vocesver.com\/noticias\/wp-json\/wp\/v2\/types\/post"}],"author":[{"embeddable":true,"href":"http:\/\/vocesver.com\/noticias\/wp-json\/wp\/v2\/users\/2"}],"replies":[{"embeddable":true,"href":"http:\/\/vocesver.com\/noticias\/wp-json\/wp\/v2\/comments?post=36411"}],"version-history":[{"count":3,"href":"http:\/\/vocesver.com\/noticias\/wp-json\/wp\/v2\/posts\/36411\/revisions"}],"predecessor-version":[{"id":36420,"href":"http:\/\/vocesver.com\/noticias\/wp-json\/wp\/v2\/posts\/36411\/revisions\/36420"}],"wp:featuredmedia":[{"embeddable":true,"href":"http:\/\/vocesver.com\/noticias\/wp-json\/wp\/v2\/media\/36421"}],"wp:attachment":[{"href":"http:\/\/vocesver.com\/noticias\/wp-json\/wp\/v2\/media?parent=36411"}],"wp:term":[{"taxonomy":"category","embeddable":true,"href":"http:\/\/vocesver.com\/noticias\/wp-json\/wp\/v2\/categories?post=36411"},{"taxonomy":"post_tag","embeddable":true,"href":"http:\/\/vocesver.com\/noticias\/wp-json\/wp\/v2\/tags?post=36411"}],"curies":[{"name":"wp","href":"https:\/\/api.w.org\/{rel}","templated":true}]}}