{"id":36406,"date":"2022-08-03T21:56:54","date_gmt":"2022-08-03T21:56:54","guid":{"rendered":"http:\/\/vocesver.com\/noticias\/?p=36406"},"modified":"2022-08-03T22:05:53","modified_gmt":"2022-08-03T22:05:53","slug":"todo-un-exito-el-congreso-de-instalaciones-electromecanicas-en-la-conurbaciongerardo-zarate","status":"publish","type":"post","link":"http:\/\/vocesver.com\/noticias\/todo-un-exito-el-congreso-de-instalaciones-electromecanicas-en-la-conurbaciongerardo-zarate\/","title":{"rendered":"TODO UN \u00c9XITO EL CONGRESO DE INSTALACIONES ELECTROMEC\u00c1NICAS EN LA CONURBACI\u00d3N:GERARDO ZARATE."},"content":{"rendered":"\n<p><br>\u00b0Tuvo una afluencia de m\u00e1s de 400 personas, hubo buenas exposiciones.<br>\u00b0Asistieron fabricantes, estudiantes, maestros y empresarios.<br>\u00b0El pr\u00f3ximo congreso ser\u00e1n en el mes de mayo del pr\u00f3ximo a\u00f1o.<br>AUSENCIO RIVERA\/VOCESVER.COM\/NOTICIAS<br>Veracruz,Ver.- a 03 de Agosto 2022.- Fue todo un \u00e9xito el Congreso de Instalaciones Electromec\u00e1nicas que se desarroll\u00f3 en la zona conurbada Veracruz-Boca del R\u00edo los d\u00edas 9, 10 y 11 de Julio.<br>Al respecto el ingeniero Gerardo Z\u00e1rate Ger\u00f3n presidente del Colegio de Ingenieros Mec\u00e1nico y Electricistas CIME-VER inform\u00f3 tuvimos un buen aforo y hubo muy buenas exposiciones.<br>Tuvimos la participaci\u00f3n de nuestros patrocinadores,fabricantes o comercializadores de la industria electromec\u00e1nica y el resultado fue muy bueno.. <br> \u201cHubo muy buenas opiniones por parte de los participantes, asistieron estudiantes,maestros de ingenier\u00eda del \u00e1rea t\u00e9cnica, empresarios y tuvimos la participaci\u00f3n de los diferentes colegios de la Rep\u00fablica Mexicana que pertenecen a la PECIME  que aglutinan a los diferentes colegios de electricistas de otros estados. <br>De acuerdo con el entrevistado se tuvo una afluencia de m\u00e1s de 400 personas y dado al \u00e9xito obtenido tenemos previsto hacer nuestro congreso el pr\u00f3ximo a\u00f1o en el mes de mayo.<br>Reconoci\u00f3 que por la pandemia del covid-19 se dejo dos a\u00f1os de realizar y fue en este a\u00f1o que se volvi\u00f3 a efectuar con buenos resultados.<br>A\u00f1adio que este a\u00f1o se realiz\u00f3 en Julio y coincidi\u00f3 con la reuni\u00f3n nacional de la PECIME. El Congreso se efectu\u00f3 en el Hotel Plaza Galer\u00eda de Boca del Rio.<br>Finalmente dijo lo que nosotros promovemos es la implementaci\u00f3n de estrategias para efientizar el consuno de la energ\u00eda el\u00e9ctrica empleando primero por los h\u00e1bitos de la gente.<br><br><br><br><br><br><br><br><br><br><br><br><br><br><br><br><br><br><br><br><br><br><br><br><br><br><br><br><br><br><br><br><br><br><br><br><br><br><\/p>\n","protected":false},"excerpt":{"rendered":"<p>\u00b0Tuvo una afluencia de m\u00e1s de 400 personas, hubo buenas exposiciones.\u00b0Asistieron fabricantes, estudiantes, maestros y empresarios.\u00b0El pr\u00f3ximo congreso ser\u00e1n en<\/p>\n","protected":false},"author":2,"featured_media":36412,"comment_status":"open","ping_status":"open","sticky":false,"template":"","format":"standard","meta":{"colormag_page_container_layout":"default_layout","colormag_page_sidebar_layout":"default_layout","footnotes":""},"categories":[2],"tags":[],"class_list":["post-36406","post","type-post","status-publish","format-standard","has-post-thumbnail","hentry","category-infogral"],"_links":{"self":[{"href":"http:\/\/vocesver.com\/noticias\/wp-json\/wp\/v2\/posts\/36406","targetHints":{"allow":["GET"]}}],"collection":[{"href":"http:\/\/vocesver.com\/noticias\/wp-json\/wp\/v2\/posts"}],"about":[{"href":"http:\/\/vocesver.com\/noticias\/wp-json\/wp\/v2\/types\/post"}],"author":[{"embeddable":true,"href":"http:\/\/vocesver.com\/noticias\/wp-json\/wp\/v2\/users\/2"}],"replies":[{"embeddable":true,"href":"http:\/\/vocesver.com\/noticias\/wp-json\/wp\/v2\/comments?post=36406"}],"version-history":[{"count":4,"href":"http:\/\/vocesver.com\/noticias\/wp-json\/wp\/v2\/posts\/36406\/revisions"}],"predecessor-version":[{"id":36416,"href":"http:\/\/vocesver.com\/noticias\/wp-json\/wp\/v2\/posts\/36406\/revisions\/36416"}],"wp:featuredmedia":[{"embeddable":true,"href":"http:\/\/vocesver.com\/noticias\/wp-json\/wp\/v2\/media\/36412"}],"wp:attachment":[{"href":"http:\/\/vocesver.com\/noticias\/wp-json\/wp\/v2\/media?parent=36406"}],"wp:term":[{"taxonomy":"category","embeddable":true,"href":"http:\/\/vocesver.com\/noticias\/wp-json\/wp\/v2\/categories?post=36406"},{"taxonomy":"post_tag","embeddable":true,"href":"http:\/\/vocesver.com\/noticias\/wp-json\/wp\/v2\/tags?post=36406"}],"curies":[{"name":"wp","href":"https:\/\/api.w.org\/{rel}","templated":true}]}}