{"id":36401,"date":"2022-08-03T20:58:01","date_gmt":"2022-08-03T20:58:01","guid":{"rendered":"http:\/\/vocesver.com\/noticias\/?p=36401"},"modified":"2022-08-03T21:10:35","modified_gmt":"2022-08-03T21:10:35","slug":"alistan-la-clasica-ciclista-veracruz-alvarado-2022","status":"publish","type":"post","link":"http:\/\/vocesver.com\/noticias\/alistan-la-clasica-ciclista-veracruz-alvarado-2022\/","title":{"rendered":"Alistan \u201cLa Cl\u00e1sica Ciclista Veracruz-Alvarado 2022\u201d*"},"content":{"rendered":"\n<p>*Este evento ciclista se realizar\u00e1 los d\u00edas 6 y 7 de agosto<br><br><br>REDACCI\u00d3N\/VOCESVER.COM\/NOTICIAS<br><br>(Boca del R\u00edo, Ver., a 03 de agosto de 2022).\u2013 Todo se encuentra listo para la vuelta ciclista denominada \u201cLa Cl\u00e1sica Ciclista Veracruz-Alvarado 2022\u201d la cual se desarrollar\u00e1 este fin de semana, s\u00e1bado 6 y domingo 7 de agosto, as\u00ed lo inform\u00f3 el director general del evento, Bruno Cort\u00e1zar Lezama.<br>\u201cEsta vuelta ciclista se corre en dos d\u00edas, tambi\u00e9n los invitamos a participar en la primera edici\u00f3n de la Cl\u00e1sica Kids pues le estamos dando apoyo a los ciclistas infantiles, de 5 a\u00f1os en adelante; ellos van a correr el s\u00e1bado en el poblado de El Bayo, perteneciente al municipio de Alvarado.<br>Los adultos correr\u00e1n en dos d\u00edas, el s\u00e1bado ser\u00e1 la prueba contrareloj a realizarse ah\u00ed tambi\u00e9n en El Bayo, es prueba individual; el domingo ser\u00e1 la ruta larga que ser\u00e1 desde la Riviera Veracruzana hasta el municipio de Alvarado.<br>Son 54 kil\u00f3metros, ser\u00e1n muy r\u00e1pidos pues hay subidas, vienen muchos ciclistas de diversos estados del pa\u00eds como Puebla, Tlaxcala, Ciudad de M\u00e9xico, C\u00f3rdoba, Orizaba y ciclistas locales.<br>Agreg\u00f3.<br>Tendremos una participaci\u00f3n superior a los 250 ciclistas, es una edici\u00f3n que viene este fin de semana, en donde tendremos un verdadero festival de bicicleta\u201d, se\u00f1al\u00f3 Cort\u00e1zar Lezama.<br>El titular del Comit\u00e9 organizador revel\u00f3 que se cuenta con una atractiva bolsa de premiaci\u00f3n de hasta 60 mil pesos.<br>Ser\u00e1n dos etapas y 13 categor\u00edas las que considera el programa de la competencia: s\u00e1bado 6 de agosto la prueba contrareloj y domingo 7 de agosto la ruta larga.<br>Este evento deportivo ser\u00e1 cronometrado por la empresa de log\u00edstica deportiva veracruzana, Gran Retto.<br><br><br><br><br><br><br><br><br><br><br><br><br><br><br><br><br><br><br><br><br><br><br><br><br><br><br><br><br><br><br><br><br><br><br><\/p>\n","protected":false},"excerpt":{"rendered":"<p>*Este evento ciclista se realizar\u00e1 los d\u00edas 6 y 7 de agosto REDACCI\u00d3N\/VOCESVER.COM\/NOTICIAS (Boca del R\u00edo, Ver., a 03 de<\/p>\n","protected":false},"author":2,"featured_media":36409,"comment_status":"open","ping_status":"open","sticky":false,"template":"","format":"standard","meta":{"colormag_page_container_layout":"default_layout","colormag_page_sidebar_layout":"default_layout","footnotes":""},"categories":[2],"tags":[],"class_list":["post-36401","post","type-post","status-publish","format-standard","has-post-thumbnail","hentry","category-infogral"],"_links":{"self":[{"href":"http:\/\/vocesver.com\/noticias\/wp-json\/wp\/v2\/posts\/36401","targetHints":{"allow":["GET"]}}],"collection":[{"href":"http:\/\/vocesver.com\/noticias\/wp-json\/wp\/v2\/posts"}],"about":[{"href":"http:\/\/vocesver.com\/noticias\/wp-json\/wp\/v2\/types\/post"}],"author":[{"embeddable":true,"href":"http:\/\/vocesver.com\/noticias\/wp-json\/wp\/v2\/users\/2"}],"replies":[{"embeddable":true,"href":"http:\/\/vocesver.com\/noticias\/wp-json\/wp\/v2\/comments?post=36401"}],"version-history":[{"count":2,"href":"http:\/\/vocesver.com\/noticias\/wp-json\/wp\/v2\/posts\/36401\/revisions"}],"predecessor-version":[{"id":36407,"href":"http:\/\/vocesver.com\/noticias\/wp-json\/wp\/v2\/posts\/36401\/revisions\/36407"}],"wp:featuredmedia":[{"embeddable":true,"href":"http:\/\/vocesver.com\/noticias\/wp-json\/wp\/v2\/media\/36409"}],"wp:attachment":[{"href":"http:\/\/vocesver.com\/noticias\/wp-json\/wp\/v2\/media?parent=36401"}],"wp:term":[{"taxonomy":"category","embeddable":true,"href":"http:\/\/vocesver.com\/noticias\/wp-json\/wp\/v2\/categories?post=36401"},{"taxonomy":"post_tag","embeddable":true,"href":"http:\/\/vocesver.com\/noticias\/wp-json\/wp\/v2\/tags?post=36401"}],"curies":[{"name":"wp","href":"https:\/\/api.w.org\/{rel}","templated":true}]}}