{"id":36395,"date":"2022-08-03T20:48:22","date_gmt":"2022-08-03T20:48:22","guid":{"rendered":"http:\/\/vocesver.com\/noticias\/?p=36395"},"modified":"2022-08-03T20:51:29","modified_gmt":"2022-08-03T20:51:29","slug":"continuan-abiertas-inscripciones-para-la-carrera-ceulver-juntos-vs-la-obesidad","status":"publish","type":"post","link":"http:\/\/vocesver.com\/noticias\/continuan-abiertas-inscripciones-para-la-carrera-ceulver-juntos-vs-la-obesidad\/","title":{"rendered":"Contin\u00faan abiertas inscripciones para la Carrera CEULVER \u201cJuntos vs La Obesidad\u201d*"},"content":{"rendered":"\n<p>Entrega de los kits de participaci\u00f3n ser\u00e1 este s\u00e1bado 6 de agosto en horario de 10:00 a 16:00 horas en instalaciones de CEULVER<br><br>*La Carrera se realiza este domingo 7 de agosto a las 8:00 horas<br><br><br>REDACCI\u00d3N\/VOCESVER.COM\/NOTICIAS<br><br>(Veracruz, Ver., a 03 de agosto de 2022).\u2013 La edici\u00f3n #11 de la Carrera CEULVER \u201cJuntos vs La Obesidad\u201d ser\u00e1 todo un \u00e9xito, el comit\u00e9 organizador informa sobre una positiva respuesta de participaci\u00f3n en este evento deportivo a desarrollarse este domingo 7 de agosto en Veracruz-Boca del R\u00edo.<br>La convocatoria de participaci\u00f3n sigue abierta, todav\u00eda hay inscipciones disponibles, as\u00ed lo informa la rectora del Centro Universitario Latino Veracruz (CEULVER), Amelia Huerta MiraEstamos a unos d\u00edas de que se lleve a cabo la onceava edici\u00f3n de la Gran Carrera CEULVER Juntos contra la Obesidad, los invitamos a participar, pueden correr, trotar o incluso caminar, ya que el objetivo primordial de esta carrera es fomentar la actividad f\u00edsica y la practica del deporte como un espacio de interacci\u00f3n, de amistad y sobre todo de mejora en calidad de vida.<br>A\u00fan nos quedan lugares, ven a inscribirte en nuestras instalaciones ubicadas en avenida G\u00f3mez Farias #522 entre V\u00edctimas y Ray\u00f3n; te esperamos\u201d, revel\u00f3 la maestra Amelia Huerta.<br>Categor\u00edas y costos:<br>Juvenil varonil y femenil (hasta 21 a\u00f1os) costo de inscripci\u00f3n, 300 pesos.<br>Libre varonil y femenil (de 22 a 45 a\u00f1os) costo de inscripci\u00f3n, 300 pesos.<br>Master varonil y femenil (mayores de 45 a\u00f1os) costo de inscripci\u00f3n, 300 pesos.<br>Familiar (ni\u00f1o acompa\u00f1ado por mam\u00e1 o pap\u00e1) costo de inscripci\u00f3n, 400 pesos.<br>Cabe se\u00f1alar que Posterior a la carrera, el Comit\u00e9 Organizador realizar\u00e1 una rifa de regalos, los cuales ser\u00e1n sorteados entre los participantes en el evento pedestre. Se obsequiar\u00e1n 15 tablets Android 7\u201d.<br>Las inscripciones siguen abiertas, en las instalaciones de CEULVER en donde los participantes deber\u00e1n llenar su c\u00e9dula responsiva, de acuerdo a la categor\u00eda en la que deseen competir.<br>La entrega de los kits de participaci\u00f3n ser\u00e1 este s\u00e1bado 6 de agosto en horario de 10:00 a 16:00 horas en las instalaciones de CEULVER. El kit incluye playera deportiva, alusiva al evento, n\u00famero oficial y chip electr\u00f3nico.<br><br><br><br><br><br><br><br><br><br><br><br><br><br><br><br><br><br><br><br><br><br><br><br><br><br><br><br><br><br><br><br><br><br><br><br><br><br><br><br><br><br><br><br><br><br><br><br><br><\/p>\n","protected":false},"excerpt":{"rendered":"<p>Entrega de los kits de participaci\u00f3n ser\u00e1 este s\u00e1bado 6 de agosto en horario de 10:00 a 16:00 horas en<\/p>\n","protected":false},"author":2,"featured_media":36404,"comment_status":"open","ping_status":"open","sticky":false,"template":"","format":"standard","meta":{"colormag_page_container_layout":"default_layout","colormag_page_sidebar_layout":"default_layout","footnotes":""},"categories":[2],"tags":[],"class_list":["post-36395","post","type-post","status-publish","format-standard","has-post-thumbnail","hentry","category-infogral"],"_links":{"self":[{"href":"http:\/\/vocesver.com\/noticias\/wp-json\/wp\/v2\/posts\/36395","targetHints":{"allow":["GET"]}}],"collection":[{"href":"http:\/\/vocesver.com\/noticias\/wp-json\/wp\/v2\/posts"}],"about":[{"href":"http:\/\/vocesver.com\/noticias\/wp-json\/wp\/v2\/types\/post"}],"author":[{"embeddable":true,"href":"http:\/\/vocesver.com\/noticias\/wp-json\/wp\/v2\/users\/2"}],"replies":[{"embeddable":true,"href":"http:\/\/vocesver.com\/noticias\/wp-json\/wp\/v2\/comments?post=36395"}],"version-history":[{"count":2,"href":"http:\/\/vocesver.com\/noticias\/wp-json\/wp\/v2\/posts\/36395\/revisions"}],"predecessor-version":[{"id":36402,"href":"http:\/\/vocesver.com\/noticias\/wp-json\/wp\/v2\/posts\/36395\/revisions\/36402"}],"wp:featuredmedia":[{"embeddable":true,"href":"http:\/\/vocesver.com\/noticias\/wp-json\/wp\/v2\/media\/36404"}],"wp:attachment":[{"href":"http:\/\/vocesver.com\/noticias\/wp-json\/wp\/v2\/media?parent=36395"}],"wp:term":[{"taxonomy":"category","embeddable":true,"href":"http:\/\/vocesver.com\/noticias\/wp-json\/wp\/v2\/categories?post=36395"},{"taxonomy":"post_tag","embeddable":true,"href":"http:\/\/vocesver.com\/noticias\/wp-json\/wp\/v2\/tags?post=36395"}],"curies":[{"name":"wp","href":"https:\/\/api.w.org\/{rel}","templated":true}]}}