{"id":36391,"date":"2022-08-02T23:03:59","date_gmt":"2022-08-02T23:03:59","guid":{"rendered":"http:\/\/vocesver.com\/noticias\/?p=36391"},"modified":"2022-08-02T23:09:27","modified_gmt":"2022-08-02T23:09:27","slug":"tranvias-turisticos-hasta-el-tope-por-vacaciones-de-verano","status":"publish","type":"post","link":"http:\/\/vocesver.com\/noticias\/tranvias-turisticos-hasta-el-tope-por-vacaciones-de-verano\/","title":{"rendered":"TRANV\u00cdAS TUR\u00cdSTICOS HASTA EL TOPE POR VACACIONES DE VERANO."},"content":{"rendered":"\n<p><br>REDACCI\u00d3N\/VOCESVER.COM\/NOTICIAS<br>Veracruz,Ver.- a o2 de Agosto 2022.-Debido al periodo vacacional de Verano, el servicio de los tranv\u00edas tur\u00edsticos que operan en la Ciudad se han incrementado de manera considerable. Estos operan llenos en comparaci\u00f3n de otros d\u00edas. Foto Ausencio RIVERA.<br><br><br><br><br><br><br><br><br><br><br><br><br><br><br><br><br><br><br><br><br><br><br><br><br><br><br><br><br><br><br><br><\/p>\n","protected":false},"excerpt":{"rendered":"<p>REDACCI\u00d3N\/VOCESVER.COM\/NOTICIASVeracruz,Ver.- a o2 de Agosto 2022.-Debido al periodo vacacional de Verano, el servicio de los tranv\u00edas tur\u00edsticos que operan en<\/p>\n","protected":false},"author":2,"featured_media":36399,"comment_status":"open","ping_status":"open","sticky":false,"template":"","format":"standard","meta":{"colormag_page_container_layout":"default_layout","colormag_page_sidebar_layout":"default_layout","footnotes":""},"categories":[2],"tags":[],"class_list":["post-36391","post","type-post","status-publish","format-standard","has-post-thumbnail","hentry","category-infogral"],"_links":{"self":[{"href":"http:\/\/vocesver.com\/noticias\/wp-json\/wp\/v2\/posts\/36391","targetHints":{"allow":["GET"]}}],"collection":[{"href":"http:\/\/vocesver.com\/noticias\/wp-json\/wp\/v2\/posts"}],"about":[{"href":"http:\/\/vocesver.com\/noticias\/wp-json\/wp\/v2\/types\/post"}],"author":[{"embeddable":true,"href":"http:\/\/vocesver.com\/noticias\/wp-json\/wp\/v2\/users\/2"}],"replies":[{"embeddable":true,"href":"http:\/\/vocesver.com\/noticias\/wp-json\/wp\/v2\/comments?post=36391"}],"version-history":[{"count":2,"href":"http:\/\/vocesver.com\/noticias\/wp-json\/wp\/v2\/posts\/36391\/revisions"}],"predecessor-version":[{"id":36396,"href":"http:\/\/vocesver.com\/noticias\/wp-json\/wp\/v2\/posts\/36391\/revisions\/36396"}],"wp:featuredmedia":[{"embeddable":true,"href":"http:\/\/vocesver.com\/noticias\/wp-json\/wp\/v2\/media\/36399"}],"wp:attachment":[{"href":"http:\/\/vocesver.com\/noticias\/wp-json\/wp\/v2\/media?parent=36391"}],"wp:term":[{"taxonomy":"category","embeddable":true,"href":"http:\/\/vocesver.com\/noticias\/wp-json\/wp\/v2\/categories?post=36391"},{"taxonomy":"post_tag","embeddable":true,"href":"http:\/\/vocesver.com\/noticias\/wp-json\/wp\/v2\/tags?post=36391"}],"curies":[{"name":"wp","href":"https:\/\/api.w.org\/{rel}","templated":true}]}}