{"id":36383,"date":"2022-08-02T22:41:13","date_gmt":"2022-08-02T22:41:13","guid":{"rendered":"http:\/\/vocesver.com\/noticias\/?p=36383"},"modified":"2022-08-02T22:41:14","modified_gmt":"2022-08-02T22:41:14","slug":"anuncia-secretaria-de-turismo-federal-campana-de-promocion-nacional-e-internacional-del-aquarium-del-puerto-de-veracruz","status":"publish","type":"post","link":"http:\/\/vocesver.com\/noticias\/anuncia-secretaria-de-turismo-federal-campana-de-promocion-nacional-e-internacional-del-aquarium-del-puerto-de-veracruz\/","title":{"rendered":"*ANUNCIA SECRETAR\u00cdA DE TURISMO FEDERAL CAMPA\u00d1A DE PROMOCI\u00d3N NACIONAL E INTERNACIONAL DEL AQUARIUM DEL PUERTO DE VERACRUZ*"},"content":{"rendered":"\n<p><br><br>\u2022\u2002\u2002\u2002\u2002\u2002Se promover\u00e1 en medios nacionales, internacionales y a trav\u00e9s de influencers y youtubers.<br>\u2022\u2002\u2002\u2002\u2002\u2002Estos beneficios se logran gracias a la apertura que hay en la nueva administraci\u00f3n del Aquarium: Sergio Rodr\u00edguez Cort\u00e9s.<br><br><br><br>REDACCI\u00d3N8VOCESVER.COM\/NOTICIAS<br><br>Veracruz, Ver. 02 de agosto de 2022.- El Aquarium del Puerto de Veracruz ser\u00e1 impulsado por el gobierno federal a trav\u00e9s de una campa\u00f1a promocional sin precedentes a nivel nacional e internacional, que ayudar\u00e1 a atraer turismo de todo el mundo para que conozca las maravillas del fondo marino que ah\u00ed se exhiben.<br><br>Lo anterior fue manifestado por el titular de la Secretar\u00eda de Turismo Federal, Miguel Torruco Marqu\u00e9s, durante un recorrido que realiz\u00f3 por las instalaciones del centro acu\u00e1tico a invitaci\u00f3n del Procurador Estatal de Protecci\u00f3n al Medio Ambiente, Sergio Rodr\u00edguez Cort\u00e9s.<br><br>Como parte de la gira que realiz\u00f3 por la zona conurbada Veracruz-Boca del R\u00edo, el funcionario federal conoci\u00f3 las instalaciones del Aquarium, en donde destac\u00f3 el gran trabajo realizado desde que el gobierno estatal tom\u00f3 el control de su operaci\u00f3n.<br><br>\u201cEncuentro el Aquarium muy interesante, ya me han dicho cu\u00e1les son los planes a mediano plazo y ello va a fortalecer para que haya mayor desplazamiento tur\u00edstico hacia este puerto de Veracruz, as\u00ed que todo lo que sea para el bien del turismo lo apoyamos en los diferentes medios, en esta ocasi\u00f3n haremos una campa\u00f1a estrat\u00e9gica a nivel redes sociales, que es la modernidad en materia de impactar a varios segmentos\u201d.<br><br>Acompa\u00f1ado tambi\u00e9n por el secretario de Turismo Estatal, Iv\u00e1n Mart\u00ednez Olvera, el funcionario federal, adelant\u00f3 que pronto visitar\u00e1 varias ciudades de Estados Unidos y Canad\u00e1, donde promover\u00e1 al Aquarium del Puerto de Veracruz, como uno de los principales y m\u00e1s importantes atractivos tur\u00edsticos del estado de Veracruz, junto con los pueblos m\u00e1gicos.<br><br>Por su parte, el Procurador Estatal de Protecci\u00f3n al Medio Ambiente, Sergio Rodr\u00edguez Cort\u00e9s, destac\u00f3 que la buena administraci\u00f3n del Aquarium del Puerto de Veracruz, ha permitido articular pol\u00edticas p\u00fablicas que permiten trabajar de la mano con el gobierno federal, obteniendo beneficios como es la promoci\u00f3n.<br><br>\u201cGracias a la colaboraci\u00f3n que hemos podido entablar se va a llevar a cabo este importante programa de difusi\u00f3n, a trav\u00e9s de los medios de comunicaci\u00f3n nacionales, de influencers, de youtubers y una pol\u00edtica de difusi\u00f3n, incluso a nivel internacional, se hablaba de buscar qu\u00e9 nichos de oportunidad tenemos en otros pa\u00edses para poder estar atrayendo visitantes y esto se traduzca en ingresos, en visitas y en turismo\u201d.<br><br>En este sentido, calific\u00f3 la visita del secretario de Turismo Federal como muy productiva e importante, \u201cy repito, sin esta apertura que ahora tenemos en el Aquarium del Puerto de Veracruz, no ser\u00eda posible recibir estas figuras y recibir este apoyo al que se comprometi\u00f3 hoy el secretario de Turismo\u201d, finaliz\u00f3 Rodr\u00edguez Cort\u00e9s.<br><br><br><br><br><br><br><br><br><br><br><br><br><br><br><br><br><br><br><br><br><br><br><br><br><br><br><br><br><br><br><br><br><br><br><br><br><br><br><br><br><br><br><br><br><br><\/p>\n","protected":false},"excerpt":{"rendered":"<p>\u2022\u2002\u2002\u2002\u2002\u2002Se promover\u00e1 en medios nacionales, internacionales y a trav\u00e9s de influencers y youtubers.\u2022\u2002\u2002\u2002\u2002\u2002Estos beneficios se logran gracias a la apertura<\/p>\n","protected":false},"author":2,"featured_media":36388,"comment_status":"open","ping_status":"open","sticky":false,"template":"","format":"standard","meta":{"colormag_page_container_layout":"default_layout","colormag_page_sidebar_layout":"default_layout","footnotes":""},"categories":[1],"tags":[],"class_list":["post-36383","post","type-post","status-publish","format-standard","has-post-thumbnail","hentry","category-sin-categoria"],"_links":{"self":[{"href":"http:\/\/vocesver.com\/noticias\/wp-json\/wp\/v2\/posts\/36383","targetHints":{"allow":["GET"]}}],"collection":[{"href":"http:\/\/vocesver.com\/noticias\/wp-json\/wp\/v2\/posts"}],"about":[{"href":"http:\/\/vocesver.com\/noticias\/wp-json\/wp\/v2\/types\/post"}],"author":[{"embeddable":true,"href":"http:\/\/vocesver.com\/noticias\/wp-json\/wp\/v2\/users\/2"}],"replies":[{"embeddable":true,"href":"http:\/\/vocesver.com\/noticias\/wp-json\/wp\/v2\/comments?post=36383"}],"version-history":[{"count":2,"href":"http:\/\/vocesver.com\/noticias\/wp-json\/wp\/v2\/posts\/36383\/revisions"}],"predecessor-version":[{"id":36389,"href":"http:\/\/vocesver.com\/noticias\/wp-json\/wp\/v2\/posts\/36383\/revisions\/36389"}],"wp:featuredmedia":[{"embeddable":true,"href":"http:\/\/vocesver.com\/noticias\/wp-json\/wp\/v2\/media\/36388"}],"wp:attachment":[{"href":"http:\/\/vocesver.com\/noticias\/wp-json\/wp\/v2\/media?parent=36383"}],"wp:term":[{"taxonomy":"category","embeddable":true,"href":"http:\/\/vocesver.com\/noticias\/wp-json\/wp\/v2\/categories?post=36383"},{"taxonomy":"post_tag","embeddable":true,"href":"http:\/\/vocesver.com\/noticias\/wp-json\/wp\/v2\/tags?post=36383"}],"curies":[{"name":"wp","href":"https:\/\/api.w.org\/{rel}","templated":true}]}}