{"id":36379,"date":"2022-08-02T22:29:32","date_gmt":"2022-08-02T22:29:32","guid":{"rendered":"http:\/\/vocesver.com\/noticias\/?p=36379"},"modified":"2022-08-02T22:33:01","modified_gmt":"2022-08-02T22:33:01","slug":"repunta-un-15-el-empleo-para-ingenieros-de-cime-veracruzzarate-geron","status":"publish","type":"post","link":"http:\/\/vocesver.com\/noticias\/repunta-un-15-el-empleo-para-ingenieros-de-cime-veracruzzarate-geron\/","title":{"rendered":"REPUNTA UN 15 % EL EMPLEO PARA INGENIEROS DE CIME-VERACRUZ:Z\u00c1RATE GER\u00d3N"},"content":{"rendered":"\n<p><br><br>\u00b0La econom\u00eda poco a poco se est\u00e1 mejorando para los 120 agremiados.<br>\u00b0Las inversiones se est\u00e1n reactivando en diversos puntos del Estado. <br>\u00b0El presidente de CIME-VER. se reuni\u00f3 con ing. Jos\u00e9 Vicente Ram\u00edrez Cort\u00e9s ex presidente de AMIME.<br>AUSENCIO RIVERA\/VOCESVER.COM\/NOTICIAS<br>Veracruz,Ver.- a  02 de Agosto 2022.- Luego de que la pandemia del covid-19 afectara severamente la econom\u00eda de los m\u00e1s de cien socios(120) que pertenecen al Colegio de Ingenieros Mec\u00e1nicos y Electricistas  CIME Veracuz \u00e9sta poco a poco se est\u00e1 reactivando  en beneficio de este sector.<br>Lo anterior lo dio a conocer el Ingeniero Gerardo Z\u00e1rate Ger\u00f3n Presidente del Colegio de Ingenieros Mec\u00e1nicos y Electricistas de CIME Veracruz y, quien reconoci\u00f3 desafortunadamente con la pandemia \u201cnos bajar\u00f3n las inversiones y por ende todos nuestros agremiados tuvieron dificultades para encontrar trabajo\u201d.<br>Entrevistado al reunirse en este puerto con el ingeniero Jos\u00e9 Vicente Ramirez Cort\u00e9s ex presidente de la Asociaci\u00f3n Mexicana  de Ingenieros Mec\u00e1nicos y Electricistas( AMIME) se\u00f1al\u00f3 que con la pandemia este sector tuvo afectaciones considerables \u201cporque varios de nuestros socios estuvieron batallando para recuperarse\u201d.<br>Afortunadamente en este momento se est\u00e1n recuperando los empleos y poco a poco nos estamos reactivando. <br>Al indicar que la mayor\u00eda de los socios resisti\u00f3 el embate de la pandemia, el entrevistado dijo que actualmente el empleo para este sector se ha incrementado en m\u00e1s de un 15 por ciento. Al tiempo que dijo nosotros confiamos en que esto poco a poco se  va ir mejorando para beneficio de nuestros agremiados <br>Explic\u00f3 que de acuerdo con los anuncios que han hecho entidades gubernamentales se est\u00e1n incrementando las inversiones,en el Sur de Veracruz est\u00e1n las del corredor trans\u00edsmico,aqu\u00ed acabamos de asistir a la inauguraci\u00f3n de la f\u00e1brica de caf\u00e9 de la Nestle,est\u00e1n por iniciar los trabajos de la cervecera que estar\u00e1 ubicada en Vargas,los trabajos del puerto que  tambi\u00e9n son importantes y las del \u00e1rea de Bruno Pagliai donde se est\u00e1n ubicando algunas nuevas empresas. <br>En ese sentido nosotros estamos tratando de hacer los contactos con las empresas para promover la vinculaci\u00f3n con nuestros agremiados.<br>Por otro lado dijo que actualmente el  CIME-Veracruz tiene buena relaci\u00f3n con el municipio de Boca del Rio,Veracruz,Alvarado y, estamos tratando de vincularnos con el municipio de Paso de Ovejas entre otros. Incluso tenemos buena relaci\u00f3n con entidades del Estado como:La Agencia Estatal de Energ\u00eda del Estado de Veracruz entre muchas otras. <br><br><br><br><br><br><br><br><br><br><br><br><br><br><br><br><br><br><br><br><br><br><br><br><br><br><br><br><br><br><br><br><br><br><br><br><br><br><br><br><br><\/p>\n","protected":false},"excerpt":{"rendered":"<p>\u00b0La econom\u00eda poco a poco se est\u00e1 mejorando para los 120 agremiados.\u00b0Las inversiones se est\u00e1n reactivando en diversos puntos del<\/p>\n","protected":false},"author":2,"featured_media":36384,"comment_status":"open","ping_status":"open","sticky":false,"template":"","format":"standard","meta":{"colormag_page_container_layout":"default_layout","colormag_page_sidebar_layout":"default_layout","footnotes":""},"categories":[2],"tags":[],"class_list":["post-36379","post","type-post","status-publish","format-standard","has-post-thumbnail","hentry","category-infogral"],"_links":{"self":[{"href":"http:\/\/vocesver.com\/noticias\/wp-json\/wp\/v2\/posts\/36379","targetHints":{"allow":["GET"]}}],"collection":[{"href":"http:\/\/vocesver.com\/noticias\/wp-json\/wp\/v2\/posts"}],"about":[{"href":"http:\/\/vocesver.com\/noticias\/wp-json\/wp\/v2\/types\/post"}],"author":[{"embeddable":true,"href":"http:\/\/vocesver.com\/noticias\/wp-json\/wp\/v2\/users\/2"}],"replies":[{"embeddable":true,"href":"http:\/\/vocesver.com\/noticias\/wp-json\/wp\/v2\/comments?post=36379"}],"version-history":[{"count":2,"href":"http:\/\/vocesver.com\/noticias\/wp-json\/wp\/v2\/posts\/36379\/revisions"}],"predecessor-version":[{"id":36385,"href":"http:\/\/vocesver.com\/noticias\/wp-json\/wp\/v2\/posts\/36379\/revisions\/36385"}],"wp:featuredmedia":[{"embeddable":true,"href":"http:\/\/vocesver.com\/noticias\/wp-json\/wp\/v2\/media\/36384"}],"wp:attachment":[{"href":"http:\/\/vocesver.com\/noticias\/wp-json\/wp\/v2\/media?parent=36379"}],"wp:term":[{"taxonomy":"category","embeddable":true,"href":"http:\/\/vocesver.com\/noticias\/wp-json\/wp\/v2\/categories?post=36379"},{"taxonomy":"post_tag","embeddable":true,"href":"http:\/\/vocesver.com\/noticias\/wp-json\/wp\/v2\/tags?post=36379"}],"curies":[{"name":"wp","href":"https:\/\/api.w.org\/{rel}","templated":true}]}}