{"id":36373,"date":"2022-08-02T21:28:27","date_gmt":"2022-08-02T21:28:27","guid":{"rendered":"http:\/\/vocesver.com\/noticias\/?p=36373"},"modified":"2022-08-02T21:28:28","modified_gmt":"2022-08-02T21:28:28","slug":"punto-y-coma","status":"publish","type":"post","link":"http:\/\/vocesver.com\/noticias\/punto-y-coma\/","title":{"rendered":"PUNTO Y COMA.."},"content":{"rendered":"\n<p><br><br><br>Fuerzas vivas en Morena<br><br><br>Por Yair Ademar Dom\u00ednguez<br><br><br>Con una gran participaci\u00f3n ciudadana, las fuerzas vivas del Movimiento de Regeneraci\u00f3n Nacional llevaron a cabo la elecci\u00f3n interna de Consejeros y Consejeras. MORENA es un movimiento popular, de la gente, y es obvio que entre el pueblo exista pasi\u00f3n, amor por la camiseta y sobre todo libertad. En este movimiento no hay aut\u00f3matas, no hay robots dirigidos por un dedo elector. No, en este movimiento hay mexicanos y mexicanas libres, capaces de tomar sus propias decisiones.<br><br><br>En nuestra entidad participaron m\u00e1s de 200 mil veracruzanos, todos, insisto, hombres y mujeres libres e interesados en que la pol\u00edtica transforme la realidad y consolide el rumbo de nuestro estado y pa\u00eds. En Zongolica se tuvo que suspender la elecci\u00f3n por incidentes provocados por personas ajenas a nuestra organizaci\u00f3n y lo mismo ocurri\u00f3 en Nautla, en donde, por cierto, en honor a la verdad, hay que decir que lamentablemente fue un diputado federal de MORENA, Jaime Humberto P\u00e9rez Bernab\u00e9, quien alter\u00f3 el orden de la jornada. Salvo estos  casos, en toda la entidad se registr\u00f3 una gran participaci\u00f3n, con calma y tranquilidad.<br><br><br>Los malquerientes del movimiento han intentando desprestigiar esta jornada comicial interna. El presidente Andr\u00e9s Manuel L\u00f3pez Obrador lo defini\u00f3 de manera clara y contundente: \u201cSi nuestros adversarios dicen que estuvo mal, entonces estuvo bien\u201d. Y tiene raz\u00f3n, la derecha del pa\u00eds ha intentando magnificar los conflictos de la abrumadora participaci\u00f3n ciudadana, porque estaban acostumbrados a la \u201cinstitucionalidad\u201d, al \u201cdedo elector\u201d, al designio del \u201cgran Tlatoani\u201d y ahora las cosas han cambiado porque tenemos ciudadanos libres que eligen el destino de su participaci\u00f3n pol\u00edtica.<br><br><br>\u201cMe pasaron un reporte en la ma\u00f1ana. Considero que fue una buena jornada democr\u00e1tica porque participaron alrededor de dos millones 500 mil ciudadanos, fue masiva la participaci\u00f3n para ser una elecci\u00f3n interna, adem\u00e1s para elegir delegados; es much\u00edsimo. Entonces felicidades a todos los que participaron, ojal\u00e1 as\u00ed se haga en los otros partidos, que en el bloque conservador convoquen a elecciones abiertas para decidir\u201d, asent\u00f3 el jefe de las instituciones del pa\u00eds.<br><br><br>Insistimos, Veracruz y todo el pa\u00eds vivi\u00f3 una jornada democr\u00e1tica interna hist\u00f3rica, apasionada, de hombres y mujeres libres que quieren sumarse a la transformaci\u00f3n de nuestro pa\u00eds. <br><br><br>Julen, desesperado<br><br><br>El senador panista Julen Rementer\u00eda del Puerto anda desesperado y ya no sabe qu\u00e9 hacer para atraer reflectores. Desde su c\u00f3modo sill\u00f3n legislativo, el personaje est\u00e1 desesperado por atraer reflectores y quiere hacerlo a costa de criticar sin fundamento a las autoridades estatales y federales.<br><br><br>\u00bfQu\u00e9 ha hecho Julen Rementer\u00eda por Veracruz, adem\u00e1s de acomodar a su hijo en el Congreso del Estado por tres periodos consecutivos? \u00bfQu\u00e9 obra significativa hizo durante el malogrado gobierno de su ex jefe Miguel \u00c1ngel Yunes Linares? La que m\u00e1s se recuerda es la jabonosa carretera Xalapa-Coatepec que tantos accidentes ha provocado. Y de ah\u00ed, p\u00e1rele de contar. <br><br><br>Ahora, el coordinador de Senadores anda desesperado, dando conferencias aqu\u00ed y all\u00e1, para criticar a las autoridades estatales. Nada le sale bien. En Veracruz hay trabajo, hay obras que saltan a la vista, se ha limpiado el cochinero que ellos dejaron en las finanzas p\u00fablicas y se tiene proyecto firme y seguro. Lo dem\u00e1s, s\u00f3lo son discursos, patadas de ahogado de un personaje gris, que anda desesperado por posicionarse medi\u00e1ticamente.<br><br><br>Comentarios: Facebook Yair Ademar Dominguez  Twitter @YairAdemar<br><br><br><br><br><br><br><br><br><br><br><br><br><br><br><br><br><br><br><br><br><br><br><br><br><br><br><br><br><br><br><br><br><br><br><br><br><br><br><br><br><br><br><br><br><br><br><br><br><br><br><br><br><br><br><br><\/p>\n","protected":false},"excerpt":{"rendered":"<p>Fuerzas vivas en Morena Por Yair Ademar Dom\u00ednguez Con una gran participaci\u00f3n ciudadana, las fuerzas vivas del Movimiento de Regeneraci\u00f3n<\/p>\n","protected":false},"author":2,"featured_media":36380,"comment_status":"open","ping_status":"open","sticky":false,"template":"","format":"standard","meta":{"colormag_page_container_layout":"default_layout","colormag_page_sidebar_layout":"default_layout","footnotes":""},"categories":[4],"tags":[],"class_list":["post-36373","post","type-post","status-publish","format-standard","has-post-thumbnail","hentry","category-estatal"],"_links":{"self":[{"href":"http:\/\/vocesver.com\/noticias\/wp-json\/wp\/v2\/posts\/36373","targetHints":{"allow":["GET"]}}],"collection":[{"href":"http:\/\/vocesver.com\/noticias\/wp-json\/wp\/v2\/posts"}],"about":[{"href":"http:\/\/vocesver.com\/noticias\/wp-json\/wp\/v2\/types\/post"}],"author":[{"embeddable":true,"href":"http:\/\/vocesver.com\/noticias\/wp-json\/wp\/v2\/users\/2"}],"replies":[{"embeddable":true,"href":"http:\/\/vocesver.com\/noticias\/wp-json\/wp\/v2\/comments?post=36373"}],"version-history":[{"count":2,"href":"http:\/\/vocesver.com\/noticias\/wp-json\/wp\/v2\/posts\/36373\/revisions"}],"predecessor-version":[{"id":36381,"href":"http:\/\/vocesver.com\/noticias\/wp-json\/wp\/v2\/posts\/36373\/revisions\/36381"}],"wp:featuredmedia":[{"embeddable":true,"href":"http:\/\/vocesver.com\/noticias\/wp-json\/wp\/v2\/media\/36380"}],"wp:attachment":[{"href":"http:\/\/vocesver.com\/noticias\/wp-json\/wp\/v2\/media?parent=36373"}],"wp:term":[{"taxonomy":"category","embeddable":true,"href":"http:\/\/vocesver.com\/noticias\/wp-json\/wp\/v2\/categories?post=36373"},{"taxonomy":"post_tag","embeddable":true,"href":"http:\/\/vocesver.com\/noticias\/wp-json\/wp\/v2\/tags?post=36373"}],"curies":[{"name":"wp","href":"https:\/\/api.w.org\/{rel}","templated":true}]}}