{"id":36368,"date":"2022-08-01T21:55:25","date_gmt":"2022-08-01T21:55:25","guid":{"rendered":"http:\/\/vocesver.com\/noticias\/?p=36368"},"modified":"2022-08-01T21:59:06","modified_gmt":"2022-08-01T21:59:06","slug":"primer-buque-con-granos-de-ucrania-zarpa-del-puerto-de-odesa","status":"publish","type":"post","link":"http:\/\/vocesver.com\/noticias\/primer-buque-con-granos-de-ucrania-zarpa-del-puerto-de-odesa\/","title":{"rendered":"Primer buque con granos de Ucrania zarpa del puerto de Odesa"},"content":{"rendered":"\n<p><\/p>\n\n\n\n<p><\/p>\n\n\n\n<p>El nav\u00edo \u2018Razoni\u2019 zarp\u00f3 del puerto de Odesa, en Ucrania, con destino al puerto de Tr\u00edpoli, en L\u00edbano. FOREDACCI\u00d3N\/VOCESVER.COM\/NOTICIAS<br><br>INTERNACIONAL.- A 1 DE AGOSTO 2022.-DE ACUERDO CON INFORMACI\u00d3N DE AFP\/UNOTV&#8230;.Un buque con grano ucraniano, el primero desde el inicio de la invasi\u00f3n de Rusia a Ucrania, zarp\u00f3 este lunes hacia las 06:15 horas del puerto de Odesa, en el mar Negro, anunci\u00f3 el ministerio turco de Defensa.<br><br><br>\u201cEl nav\u00edo \u2018Razoni\u2019 zarp\u00f3 del puerto de Odesa con destino al puerto de Tr\u00edpoli, en L\u00edbano. Se espera que llegue el 2 de agosto a Estambul. Seguir\u00e1 su ruta hacia su destino tras las inspecciones que se llevar\u00e1n a cabo en Estambul\u201d, a\u00f1adi\u00f3 el ministerio.<br><br>Seg\u00fan el ministro ucraniano de Infraestructura, Oleksandr Kubrakov, el barco de bandera de Sierra Leona transporta una carga de 26 mil toneladas de ma\u00edz.<br><br><br>Se prev\u00e9 que el buque entre en el estrecho de B\u00f3sforo, que une el mar Negro con el mar de M\u00e1rmara, el martes al mediod\u00eda, estim\u00f3 Yoruk Isik, especialista en el seguimiento de la circulaci\u00f3n de los nav\u00edos en la regi\u00f3n.<br><br><br>Otros barcos zarpar\u00e1n tras este primer env\u00edo, respetando \u201cel corredor mar\u00edtimo y las formalidades acordadas\u201d, seg\u00fan el ministerio turco.<br><br><br>Acuerdo bilateral para Ucrania y Rusia<br>Firmado el 22 de julio en Estambul entre representantes de Rusia, Ucrania, Turqu\u00eda y Naciones Unidas (ONU), el pacto permite reanudar las exportaciones ucranianas bajo supervisi\u00f3n internacional.<br><br>Un acuerdo parecido firmado en el mismo momento garantiza tambi\u00e9n a Mosc\u00fa la exportaci\u00f3n de sus productos agr\u00edcolas y fertilizantes, a pesar de las sanciones occidentales.<br><br>Estos dos acuerdos deben permitir aliviar la crisis alimentaria mundial, a ra\u00edz de la disparada de los precios tras el bloqueo de los puertos ucranianos desde el inicio del conflicto con Rusia.<br><br><br><br>INF. DE AFP\/UNOTV&#8230;..<br><br><br><br><br><br><br><br><br><br><br><br><br><br><br><br><br><br><br><br><br><br><br><br><br><br><br><br><br><br><br><br><br><br><br><br><br><br><br><br><br><br><br><br><\/p>\n","protected":false},"excerpt":{"rendered":"<p>El nav\u00edo \u2018Razoni\u2019 zarp\u00f3 del puerto de Odesa, en Ucrania, con destino al puerto de Tr\u00edpoli, en L\u00edbano. FOREDACCI\u00d3N\/VOCESVER.COM\/NOTICIAS INTERNACIONAL.-<\/p>\n","protected":false},"author":2,"featured_media":36377,"comment_status":"open","ping_status":"open","sticky":false,"template":"","format":"standard","meta":{"colormag_page_container_layout":"default_layout","colormag_page_sidebar_layout":"default_layout","footnotes":""},"categories":[6],"tags":[],"class_list":["post-36368","post","type-post","status-publish","format-standard","has-post-thumbnail","hentry","category-internacional"],"_links":{"self":[{"href":"http:\/\/vocesver.com\/noticias\/wp-json\/wp\/v2\/posts\/36368","targetHints":{"allow":["GET"]}}],"collection":[{"href":"http:\/\/vocesver.com\/noticias\/wp-json\/wp\/v2\/posts"}],"about":[{"href":"http:\/\/vocesver.com\/noticias\/wp-json\/wp\/v2\/types\/post"}],"author":[{"embeddable":true,"href":"http:\/\/vocesver.com\/noticias\/wp-json\/wp\/v2\/users\/2"}],"replies":[{"embeddable":true,"href":"http:\/\/vocesver.com\/noticias\/wp-json\/wp\/v2\/comments?post=36368"}],"version-history":[{"count":3,"href":"http:\/\/vocesver.com\/noticias\/wp-json\/wp\/v2\/posts\/36368\/revisions"}],"predecessor-version":[{"id":36376,"href":"http:\/\/vocesver.com\/noticias\/wp-json\/wp\/v2\/posts\/36368\/revisions\/36376"}],"wp:featuredmedia":[{"embeddable":true,"href":"http:\/\/vocesver.com\/noticias\/wp-json\/wp\/v2\/media\/36377"}],"wp:attachment":[{"href":"http:\/\/vocesver.com\/noticias\/wp-json\/wp\/v2\/media?parent=36368"}],"wp:term":[{"taxonomy":"category","embeddable":true,"href":"http:\/\/vocesver.com\/noticias\/wp-json\/wp\/v2\/categories?post=36368"},{"taxonomy":"post_tag","embeddable":true,"href":"http:\/\/vocesver.com\/noticias\/wp-json\/wp\/v2\/tags?post=36368"}],"curies":[{"name":"wp","href":"https:\/\/api.w.org\/{rel}","templated":true}]}}