{"id":36351,"date":"2022-08-01T21:10:40","date_gmt":"2022-08-01T21:10:40","guid":{"rendered":"http:\/\/vocesver.com\/noticias\/?p=36351"},"modified":"2022-08-01T21:10:41","modified_gmt":"2022-08-01T21:10:41","slug":"mas-de-200-mil-veracruzanos-participaron-en-proceso-interno-de-morena-esteban-ramirez-zepeta","status":"publish","type":"post","link":"http:\/\/vocesver.com\/noticias\/mas-de-200-mil-veracruzanos-participaron-en-proceso-interno-de-morena-esteban-ramirez-zepeta\/","title":{"rendered":"M\u00e1s de 200 mil veracruzanos participaron en proceso Interno de Morena: Esteban Ram\u00edrez Zepeta"},"content":{"rendered":"\n<p><br><br><br>\u201cVotaci\u00f3n se llev\u00f3 a cabo sin incidentes graves que ocasionen su nulidad\u201d, dice Dirigente Estatal<br><br><br><br>AUSENCIO RIVERA\/VOCESVER.COM\/NOTICIAS<br><br>Xalapa, Veracruz, a 1 de agosto de 2022.<br>\u201cM\u00e1s de 200 mil veracruzanos participaron de manera libre y democr\u00e1tica en el proceso interno de nuestro partido, el cual se llev\u00f3 a cabo sin incidentes graves que pudieran ponerlo en riesgo de anulaci\u00f3n\u201d, se\u00f1al\u00f3 Esteban Ram\u00edrez Zepeta, Delegado Nacional en funciones de Dirigente Estatal del partido Morena en Veracruz.<br><br>El dirigente morenista enfatiz\u00f3 que el proceso interno se realiz\u00f3 con una gran participaci\u00f3n ciudadana y sin incidentes mayores, \u201clo que evita que haya riesgos de que pudiera anularse\u201d.<br><br>\u201cAhora lo que estamos es esperando que se culminen los conteos para que la paqueter\u00eda pueda ser enviada a las oficinas centrales del partido en la CDMX y con ello solo esperaremos entonces el 13 de agosto para que se realice el Consejo Estatal y se elija al nuevo Comit\u00e9 Ejecutivo Estatal de Morena\u201d, asegur\u00f3 Ram\u00edrez Zepeta<br><br>\u201cEn conclusi\u00f3n, dijo, las elecciones de morena en Veracruz fueron contundentes, con organizaci\u00f3n, apego a la convocatoria, y abiertas a la militancia y a la ciudadan\u00eda\u201d.<br><br>Es de recalcar que en dos distritos se suspendieron el centro de votaci\u00f3n, Nautla y Zongolica por disturbios de terceras personas y para salvaguardar la seguridad y la integridad de los militantes se suspendieron esos dos centros de votaci\u00f3n. En Minatitl\u00e1n y en los dem\u00e1s distritos las urnas, actas y la contabilidad de escrutinio se entregaron en el transcurso del domingo en la sede de c\u00f3mputo en la ciudad de Xalapa.<br><br>Esteban Ram\u00edrez Zepeta dijo por \u00faltimo que \u201cqueda m\u00e1s que claro que que el estado de Veracruz es un basti\u00f3n de la izquierda en M\u00e9xico\u201d.<br><br><br><br><br><br><br><br><br><br><br><br><br><br><br><br><br><br><br><br><br><br><br><br><br><br><br><br><br><br><br><br><br><br><br><br><br><br><br><br><br><br><br><br><br><\/p>\n","protected":false},"excerpt":{"rendered":"<p>\u201cVotaci\u00f3n se llev\u00f3 a cabo sin incidentes graves que ocasionen su nulidad\u201d, dice Dirigente Estatal AUSENCIO RIVERA\/VOCESVER.COM\/NOTICIAS Xalapa, Veracruz, a<\/p>\n","protected":false},"author":2,"featured_media":36357,"comment_status":"open","ping_status":"open","sticky":false,"template":"","format":"standard","meta":{"colormag_page_container_layout":"default_layout","colormag_page_sidebar_layout":"default_layout","footnotes":""},"categories":[2],"tags":[],"class_list":["post-36351","post","type-post","status-publish","format-standard","has-post-thumbnail","hentry","category-infogral"],"_links":{"self":[{"href":"http:\/\/vocesver.com\/noticias\/wp-json\/wp\/v2\/posts\/36351","targetHints":{"allow":["GET"]}}],"collection":[{"href":"http:\/\/vocesver.com\/noticias\/wp-json\/wp\/v2\/posts"}],"about":[{"href":"http:\/\/vocesver.com\/noticias\/wp-json\/wp\/v2\/types\/post"}],"author":[{"embeddable":true,"href":"http:\/\/vocesver.com\/noticias\/wp-json\/wp\/v2\/users\/2"}],"replies":[{"embeddable":true,"href":"http:\/\/vocesver.com\/noticias\/wp-json\/wp\/v2\/comments?post=36351"}],"version-history":[{"count":2,"href":"http:\/\/vocesver.com\/noticias\/wp-json\/wp\/v2\/posts\/36351\/revisions"}],"predecessor-version":[{"id":36358,"href":"http:\/\/vocesver.com\/noticias\/wp-json\/wp\/v2\/posts\/36351\/revisions\/36358"}],"wp:featuredmedia":[{"embeddable":true,"href":"http:\/\/vocesver.com\/noticias\/wp-json\/wp\/v2\/media\/36357"}],"wp:attachment":[{"href":"http:\/\/vocesver.com\/noticias\/wp-json\/wp\/v2\/media?parent=36351"}],"wp:term":[{"taxonomy":"category","embeddable":true,"href":"http:\/\/vocesver.com\/noticias\/wp-json\/wp\/v2\/categories?post=36351"},{"taxonomy":"post_tag","embeddable":true,"href":"http:\/\/vocesver.com\/noticias\/wp-json\/wp\/v2\/tags?post=36351"}],"curies":[{"name":"wp","href":"https:\/\/api.w.org\/{rel}","templated":true}]}}