{"id":36317,"date":"2022-07-29T21:08:00","date_gmt":"2022-07-29T21:08:00","guid":{"rendered":"http:\/\/vocesver.com\/noticias\/?p=36317"},"modified":"2022-07-29T21:11:57","modified_gmt":"2022-07-29T21:11:57","slug":"la-lluvia-de-este-viernes-ocasiono-diversos-encharcamientos-en-veracruz","status":"publish","type":"post","link":"http:\/\/vocesver.com\/noticias\/la-lluvia-de-este-viernes-ocasiono-diversos-encharcamientos-en-veracruz\/","title":{"rendered":"LA LLUVIA DE ESTE VIERNES OCASION\u00d3 DIVERSOS ENCHARCAMIENTOS EN VERACRUZ."},"content":{"rendered":"\n<p><br><br>REDACCI\u00d3N\/VOCESVER.COM\/NOTICIAS<br><br>Veracruz,Ver.. a 29 de Julio 2022.- Durante la ma\u00f1ana de este viernes cay\u00f3 un fuerte aguacero en la Ciudad de Veracruz que ocasion\u00f3 diferentes anegamientos en distintas colonias y fraccionamientos.Foto Ausencio RIVERA.<br><br><br><br><br><br><br><br><br><br><br><br><br><br><br><br><br><br><br><br><br><br><br><br><br><br><br><br><br><br><br><br><br><br><br><br><br><br><br><br><br><br><br><br><\/p>\n","protected":false},"excerpt":{"rendered":"<p>REDACCI\u00d3N\/VOCESVER.COM\/NOTICIAS Veracruz,Ver.. a 29 de Julio 2022.- Durante la ma\u00f1ana de este viernes cay\u00f3 un fuerte aguacero en la Ciudad<\/p>\n","protected":false},"author":2,"featured_media":36324,"comment_status":"open","ping_status":"open","sticky":false,"template":"","format":"standard","meta":{"colormag_page_container_layout":"default_layout","colormag_page_sidebar_layout":"default_layout","footnotes":""},"categories":[2],"tags":[],"class_list":["post-36317","post","type-post","status-publish","format-standard","has-post-thumbnail","hentry","category-infogral"],"_links":{"self":[{"href":"http:\/\/vocesver.com\/noticias\/wp-json\/wp\/v2\/posts\/36317","targetHints":{"allow":["GET"]}}],"collection":[{"href":"http:\/\/vocesver.com\/noticias\/wp-json\/wp\/v2\/posts"}],"about":[{"href":"http:\/\/vocesver.com\/noticias\/wp-json\/wp\/v2\/types\/post"}],"author":[{"embeddable":true,"href":"http:\/\/vocesver.com\/noticias\/wp-json\/wp\/v2\/users\/2"}],"replies":[{"embeddable":true,"href":"http:\/\/vocesver.com\/noticias\/wp-json\/wp\/v2\/comments?post=36317"}],"version-history":[{"count":2,"href":"http:\/\/vocesver.com\/noticias\/wp-json\/wp\/v2\/posts\/36317\/revisions"}],"predecessor-version":[{"id":36322,"href":"http:\/\/vocesver.com\/noticias\/wp-json\/wp\/v2\/posts\/36317\/revisions\/36322"}],"wp:featuredmedia":[{"embeddable":true,"href":"http:\/\/vocesver.com\/noticias\/wp-json\/wp\/v2\/media\/36324"}],"wp:attachment":[{"href":"http:\/\/vocesver.com\/noticias\/wp-json\/wp\/v2\/media?parent=36317"}],"wp:term":[{"taxonomy":"category","embeddable":true,"href":"http:\/\/vocesver.com\/noticias\/wp-json\/wp\/v2\/categories?post=36317"},{"taxonomy":"post_tag","embeddable":true,"href":"http:\/\/vocesver.com\/noticias\/wp-json\/wp\/v2\/tags?post=36317"}],"curies":[{"name":"wp","href":"https:\/\/api.w.org\/{rel}","templated":true}]}}