{"id":36300,"date":"2022-07-28T22:36:53","date_gmt":"2022-07-28T22:36:53","guid":{"rendered":"http:\/\/vocesver.com\/noticias\/?p=36300"},"modified":"2022-07-28T22:44:40","modified_gmt":"2022-07-28T22:44:40","slug":"hay-altas-expectativas-para-los-micro-pequenos-y-medianos-empresarios-de-la-construccionfentanez-hdez","status":"publish","type":"post","link":"http:\/\/vocesver.com\/noticias\/hay-altas-expectativas-para-los-micro-pequenos-y-medianos-empresarios-de-la-construccionfentanez-hdez\/","title":{"rendered":"HAY ALTAS EXPECTATIVAS PARA MICRO, PEQUE\u00d1OS Y  MEDIANOS EMPRESARIOS DE LA CONSTRUCCI\u00d3N:FENTANEZ HDEZ."},"content":{"rendered":"\n<p>Est\u00e1 iniciando de nuevo la inversi\u00f3n en el pa\u00eds, el repunte en el empleo es m\u00ednimo.<br>\u00b0AMIC a favor de la reelecci\u00f3n del ing. German Revilla, ha llevado a la delegaci\u00f3n a buen t\u00e9rmino.<br>AUSENCIO RIVERA\/VOCESVER.COM\/NOTICIAS<br>Veracruz,Ver.- A 28 de Julio 2022.- Luego de reconocer que el delegado regional de la AMIC en el puerto de Veracruz ingeniero Francisco Germ\u00e1n Revilla Aguilera ha realizado un buen trabajo al frente de esta delegaci\u00f3n, Rafael Fentanez Hern\u00e1ndez vicepresidente nacional de esta Asociaci\u00f3n Mexicana de la Industria de la Construcci\u00f3n afirm\u00f3 que en cuanto a empleo los m\u00e1s de cuatro mil asociados  a nivel nacional est\u00e1n pobres.<br>Aunque a\u00f1adi\u00f3 que se est\u00e1 iniciando de nuevo la inversi\u00f3n en la obra p\u00fablica, \u201ces apenas el principio,tenemos altas expectativas para los micros, peque\u00f1os y medianos empresarios de la construcci\u00f3n\u201d.<br>Reconoci\u00f3 que el empleo que ha repuntado es poco, no llega al 10 por ciento. La verdad sigue siendo m\u00ednimo, pero tenemos altas expectativas de que este sector repunte m\u00e1s.<br>Dijo que le est\u00e1n apostando tanto a las obras de gobierno federal como a las de la iniciativa privada. <br>Le estamos apostando a las dos, t\u00fa sabes que es una sinergia la que se establece, al haber inversi\u00f3n p\u00fablica se detona la inversi\u00f3n privada. <br>Tu abres una carretera aqu\u00ed o un camino y empiezan a salir los negocios, las placitas comerciales y las escuelas, estas actividades van de la mano. Nosotros contamos con un padr\u00f3n de asociados a nivel nacional de 4 mil.<br>Lament\u00f3 que por la pandemia del covid 19 haya habido bajas del padr\u00f3n de un  10 a u  15 % quienes se han ido por las dos cosas. La pandemia y la falta de empleo enfatiz\u00f3.<br>Desafortunadamente tuvimos perdidas de socios por la pandemia, de hecho unos de los fundadores de la AMIC tambi\u00e9n falleci\u00f3. <br>Dijo que cuenta con 57 delegaciones en el pa\u00eds, 32 estatales y el resto regionales.<br>Estamos por abrir una delegaci\u00f3n regional de la AMIC en el norte del Estado de Veracruz con sede en Poza Rica.  Ya la estamos gestionando para beneficio de nuestros asociados de esa zona.<br><br><br><br><br><br><br><br><br><br><br><br><br><br><br><br><br><br><br><br><br><br><br><br><br><br><br><br><br><br><br><br><br><br><br><br><br><br><br><br><br><br><br><\/p>\n","protected":false},"excerpt":{"rendered":"<p>Est\u00e1 iniciando de nuevo la inversi\u00f3n en el pa\u00eds, el repunte en el empleo es m\u00ednimo.\u00b0AMIC a favor de la<\/p>\n","protected":false},"author":2,"featured_media":36309,"comment_status":"open","ping_status":"open","sticky":false,"template":"","format":"standard","meta":{"colormag_page_container_layout":"default_layout","colormag_page_sidebar_layout":"default_layout","footnotes":""},"categories":[2],"tags":[],"class_list":["post-36300","post","type-post","status-publish","format-standard","has-post-thumbnail","hentry","category-infogral"],"_links":{"self":[{"href":"http:\/\/vocesver.com\/noticias\/wp-json\/wp\/v2\/posts\/36300","targetHints":{"allow":["GET"]}}],"collection":[{"href":"http:\/\/vocesver.com\/noticias\/wp-json\/wp\/v2\/posts"}],"about":[{"href":"http:\/\/vocesver.com\/noticias\/wp-json\/wp\/v2\/types\/post"}],"author":[{"embeddable":true,"href":"http:\/\/vocesver.com\/noticias\/wp-json\/wp\/v2\/users\/2"}],"replies":[{"embeddable":true,"href":"http:\/\/vocesver.com\/noticias\/wp-json\/wp\/v2\/comments?post=36300"}],"version-history":[{"count":4,"href":"http:\/\/vocesver.com\/noticias\/wp-json\/wp\/v2\/posts\/36300\/revisions"}],"predecessor-version":[{"id":36311,"href":"http:\/\/vocesver.com\/noticias\/wp-json\/wp\/v2\/posts\/36300\/revisions\/36311"}],"wp:featuredmedia":[{"embeddable":true,"href":"http:\/\/vocesver.com\/noticias\/wp-json\/wp\/v2\/media\/36309"}],"wp:attachment":[{"href":"http:\/\/vocesver.com\/noticias\/wp-json\/wp\/v2\/media?parent=36300"}],"wp:term":[{"taxonomy":"category","embeddable":true,"href":"http:\/\/vocesver.com\/noticias\/wp-json\/wp\/v2\/categories?post=36300"},{"taxonomy":"post_tag","embeddable":true,"href":"http:\/\/vocesver.com\/noticias\/wp-json\/wp\/v2\/tags?post=36300"}],"curies":[{"name":"wp","href":"https:\/\/api.w.org\/{rel}","templated":true}]}}