{"id":36296,"date":"2022-07-28T22:00:28","date_gmt":"2022-07-28T22:00:28","guid":{"rendered":"http:\/\/vocesver.com\/noticias\/?p=36296"},"modified":"2022-07-28T22:06:32","modified_gmt":"2022-07-28T22:06:32","slug":"existen-fuertes-expectativas-de-que-el-ingeniero-german-revilla-siga-como-delegado-regional-de-amic-por-tres-anos-mas","status":"publish","type":"post","link":"http:\/\/vocesver.com\/noticias\/existen-fuertes-expectativas-de-que-el-ingeniero-german-revilla-siga-como-delegado-regional-de-amic-por-tres-anos-mas\/","title":{"rendered":"EXISTEN FUERTES EXPECTATIVAS DE QUE EL INGENIERO GERM\u00c1N REVILLA SIGA COMO DELEGADO REGIONAL DE AMIC POR TRES A\u00d1OS M\u00c1S."},"content":{"rendered":"\n<p>\u00b0Se reuni\u00f3 en Veracruz con Rafael Fentanez vicepresidente nacional de AMIC<br>\u00b0Incluso dijo existe un acuerdo con todos los socios para que siga al frente de la delegaci\u00f3n.<br>AUSENCIO RIVERA\/VOCESVER.COM\/NOTICIAS<br>Veracruz,Ver,. a 28 de Julio 2022.- Existen fuertes expectativas de que el ingeniero Francisco Germ\u00e1n Revilla Aguilera siga al frente de la delegaci\u00f3n regional de la AMIC en el puerto de Veracruz.<br>Lo anterior lo dio a conocer el mismo delegado regional de la Asociaci\u00f3n Mexicana de la Industria de la Construcci\u00f3n tras reunirse con Rafael Fentanez Hern\u00e1nde vicepresidente nacional de AMIC y darle su total respaldo.<br>En conferencia de medios dijo:platicando con el comit\u00e9 directivo del puerto los compa\u00f1eros me manifestar\u00f3n que quieren que ocupe dicho cargo  por tres a\u00f1os m\u00e1s.<br>Adem\u00e1s esto ya lo platicamos con el Presidente Nacional del Consejo de AMIC y con el Vicepresidente quienes ven con buenos ojos mi reelecci\u00f3n  derivado del gran trabajo que he realizado al frente de esta delegaci\u00f3n.<br>Incluso anunci\u00f3 que ya existe un acuerdo para que \u00e9l continue al frente de esta delegaci\u00f3n.<br>Dijo que de ocupar dicho cargo continuar\u00e1 con su programa de acercamiento con los organismos empresariales \u201cdonde podamos seguir teniendo la sinergias de todo lo que es el aspecto laboral de las capacitaciones y estamos visualizando tambi\u00e9n tener acercamiento con los 14 consulados de diversos pa\u00edses que operan en Veracruz y ofrecerles nuestros servicios para que nos tomen en cuenta como constructores con documentos legalmente constituidos.\u201d<br>\u201cNosotros tenemos buena calidad de trabajo y de esta manera podremos tener sinegias con ellos\u201d.<br>Indic\u00f3 que no solo se est\u00e1 visualizando al puerto de Veracruz,\u00bbtambi\u00e9n estamos viendo donde nos ofrezcan trabajo para nuestros socios.\u00bb<br><br><br><br><br><br><br><br><br><br><br><br><br><br><br><br><br><br><br><br><br><br><br><br><br><br><br><br><br><br><br><br><br><br><br><br><br><br><br><br><br><\/p>\n","protected":false},"excerpt":{"rendered":"<p>\u00b0Se reuni\u00f3 en Veracruz con Rafael Fentanez vicepresidente nacional de AMIC\u00b0Incluso dijo existe un acuerdo con todos los socios para<\/p>\n","protected":false},"author":2,"featured_media":36303,"comment_status":"open","ping_status":"open","sticky":false,"template":"","format":"standard","meta":{"colormag_page_container_layout":"default_layout","colormag_page_sidebar_layout":"default_layout","footnotes":""},"categories":[2],"tags":[],"class_list":["post-36296","post","type-post","status-publish","format-standard","has-post-thumbnail","hentry","category-infogral"],"_links":{"self":[{"href":"http:\/\/vocesver.com\/noticias\/wp-json\/wp\/v2\/posts\/36296","targetHints":{"allow":["GET"]}}],"collection":[{"href":"http:\/\/vocesver.com\/noticias\/wp-json\/wp\/v2\/posts"}],"about":[{"href":"http:\/\/vocesver.com\/noticias\/wp-json\/wp\/v2\/types\/post"}],"author":[{"embeddable":true,"href":"http:\/\/vocesver.com\/noticias\/wp-json\/wp\/v2\/users\/2"}],"replies":[{"embeddable":true,"href":"http:\/\/vocesver.com\/noticias\/wp-json\/wp\/v2\/comments?post=36296"}],"version-history":[{"count":4,"href":"http:\/\/vocesver.com\/noticias\/wp-json\/wp\/v2\/posts\/36296\/revisions"}],"predecessor-version":[{"id":36304,"href":"http:\/\/vocesver.com\/noticias\/wp-json\/wp\/v2\/posts\/36296\/revisions\/36304"}],"wp:featuredmedia":[{"embeddable":true,"href":"http:\/\/vocesver.com\/noticias\/wp-json\/wp\/v2\/media\/36303"}],"wp:attachment":[{"href":"http:\/\/vocesver.com\/noticias\/wp-json\/wp\/v2\/media?parent=36296"}],"wp:term":[{"taxonomy":"category","embeddable":true,"href":"http:\/\/vocesver.com\/noticias\/wp-json\/wp\/v2\/categories?post=36296"},{"taxonomy":"post_tag","embeddable":true,"href":"http:\/\/vocesver.com\/noticias\/wp-json\/wp\/v2\/tags?post=36296"}],"curies":[{"name":"wp","href":"https:\/\/api.w.org\/{rel}","templated":true}]}}