{"id":36291,"date":"2022-07-28T21:30:58","date_gmt":"2022-07-28T21:30:58","guid":{"rendered":"http:\/\/vocesver.com\/noticias\/?p=36291"},"modified":"2022-07-28T21:32:00","modified_gmt":"2022-07-28T21:32:00","slug":"que-el-retiro-del-comercio-informal-del-malecon-sea-permanenteartesanos","status":"publish","type":"post","link":"http:\/\/vocesver.com\/noticias\/que-el-retiro-del-comercio-informal-del-malecon-sea-permanenteartesanos\/","title":{"rendered":"QUE EL RETIRO DEL COMERCIO INFORMAL  DEL MALEC\u00d3N SEA PERMANENTE:ARTESANOS"},"content":{"rendered":"\n<p>\u00b0Ya es tiempo que el Ayuntamiento haga algo al respecto.<br>\u00b0Se necesitan medidas que mejoren la zona, no paliativos obligados.<br><br>REDACCI\u00d3N\/VOCESVER.COM\/NOTICIAS<br>Veracruz,Ver.- a 28 de Julio 2022.- Artesanos establecidos del Paseo del Melec\u00f3n de Veracruz se\u00f1alaron que las autoridades municipales que encabeza la alcaldesa Patricia Lobeira solo retirar\u00f3n unos d\u00edas al comercio informal de esta zona cuando se llev\u00f3 a cabo el festival de veleros 2022,actualmente estos operan a sus anchas y la demanda de retiro de los comerciantes de artesan\u00edas de este lugar sigue siendo ignorada. Angel Ramos l\u00edder de Aut\u00e9nticos Artesanos del Malec\u00f3n siempre ha insistido en que estos comerciantes le dan una mala imagen a este sitio tur\u00edstico, sin embargo gobiernos municipales van y vienen y el comercio informal en lugar de disminuir va en aumento. Foto Alejandro MURRIETA.<br><br><br><br><br><br><br><br><br><br><br><br><br><br><br><br><br><br><br><br><br><br><br><br><br><br><br><br><br><br><br><br><br><br><br><br><br><br><br><br><\/p>\n","protected":false},"excerpt":{"rendered":"<p>\u00b0Ya es tiempo que el Ayuntamiento haga algo al respecto.\u00b0Se necesitan medidas que mejoren la zona, no paliativos obligados. REDACCI\u00d3N\/VOCESVER.COM\/NOTICIASVeracruz,Ver.-<\/p>\n","protected":false},"author":2,"featured_media":36298,"comment_status":"open","ping_status":"open","sticky":false,"template":"","format":"standard","meta":{"colormag_page_container_layout":"default_layout","colormag_page_sidebar_layout":"default_layout","footnotes":""},"categories":[2],"tags":[],"class_list":["post-36291","post","type-post","status-publish","format-standard","has-post-thumbnail","hentry","category-infogral"],"_links":{"self":[{"href":"http:\/\/vocesver.com\/noticias\/wp-json\/wp\/v2\/posts\/36291","targetHints":{"allow":["GET"]}}],"collection":[{"href":"http:\/\/vocesver.com\/noticias\/wp-json\/wp\/v2\/posts"}],"about":[{"href":"http:\/\/vocesver.com\/noticias\/wp-json\/wp\/v2\/types\/post"}],"author":[{"embeddable":true,"href":"http:\/\/vocesver.com\/noticias\/wp-json\/wp\/v2\/users\/2"}],"replies":[{"embeddable":true,"href":"http:\/\/vocesver.com\/noticias\/wp-json\/wp\/v2\/comments?post=36291"}],"version-history":[{"count":2,"href":"http:\/\/vocesver.com\/noticias\/wp-json\/wp\/v2\/posts\/36291\/revisions"}],"predecessor-version":[{"id":36297,"href":"http:\/\/vocesver.com\/noticias\/wp-json\/wp\/v2\/posts\/36291\/revisions\/36297"}],"wp:featuredmedia":[{"embeddable":true,"href":"http:\/\/vocesver.com\/noticias\/wp-json\/wp\/v2\/media\/36298"}],"wp:attachment":[{"href":"http:\/\/vocesver.com\/noticias\/wp-json\/wp\/v2\/media?parent=36291"}],"wp:term":[{"taxonomy":"category","embeddable":true,"href":"http:\/\/vocesver.com\/noticias\/wp-json\/wp\/v2\/categories?post=36291"},{"taxonomy":"post_tag","embeddable":true,"href":"http:\/\/vocesver.com\/noticias\/wp-json\/wp\/v2\/tags?post=36291"}],"curies":[{"name":"wp","href":"https:\/\/api.w.org\/{rel}","templated":true}]}}