{"id":36282,"date":"2022-07-28T20:57:25","date_gmt":"2022-07-28T20:57:25","guid":{"rendered":"http:\/\/vocesver.com\/noticias\/?p=36282"},"modified":"2022-07-28T20:57:41","modified_gmt":"2022-07-28T20:57:41","slug":"morenistas-no-quieren-a-valeria-artega-de-delegada-de-morena","status":"publish","type":"post","link":"http:\/\/vocesver.com\/noticias\/morenistas-no-quieren-a-valeria-artega-de-delegada-de-morena\/","title":{"rendered":"MORENISTAS NO QUIEREN A VALERIA  ARTEGA DE DELEGADA DE MORENA."},"content":{"rendered":"\n<p>\u00b0Actualmente ocupa el cargo de delegada regional de Bienestar.<br>\u00b0Demandan que Manuel Huerta no permita ese tipo de anomal\u00edas que solo perjudican a la 4T.<br>AUSENCIO RIVERA\/VOCESVER.COM\/NOTICIAS<br>Veracruz,Ver\u2014A 28 de Julio 2022.- Militantes de Morena de diversos equipo no quieren que Valeria Arteaga ocupe el cargo de delegada del partido debido a que actualmente ostenta el cargo de delegada regional de Bienestar y eso por ning\u00fan motivo el Gobierno de la 4T lo debe de permitir.<br>Los quejosos piden la intervenci\u00f3n de Manue Huerta Ladr\u00f3n de Guevara delegado estatal de Bienestar para que no permita ese tipo de arbitrariedades pues hay m\u00e1s militantes que han heho m\u00e1s por el partido y pudieran ocupar esos puestos.<br>Valeria Arteaga es hija del Diputado Local de Morena Fernando Arteaga Aponte quien a decir de los equipos inconformes por esta situaci\u00f3n an\u00f3mala es quien est\u00e1 impulsando ese tipo de irregularidades que en lugar de beneficiar al partido lo perjudican. <br>Incluso los inconformes pidieron que esta persona renuncie al cargo de delegada del Bienestar para que pueda ocupar el cargo de delegada de Morena, pues no se vale que por ambiciones pol\u00edticas y personales quiera ocupar dos cargos al mismo tiempo.<br><br><br><br><br><br><br><br><br><br><br><br><br><br><br><br><br><br><br><br><br><br><br><br><br><br><br><br><br><br><br><br><br><br><br><br><br><br><br><br><br><br><br><br><br><br><\/p>\n","protected":false},"excerpt":{"rendered":"<p>\u00b0Actualmente ocupa el cargo de delegada regional de Bienestar.\u00b0Demandan que Manuel Huerta no permita ese tipo de anomal\u00edas que solo<\/p>\n","protected":false},"author":2,"featured_media":36287,"comment_status":"open","ping_status":"open","sticky":false,"template":"","format":"standard","meta":{"colormag_page_container_layout":"default_layout","colormag_page_sidebar_layout":"default_layout","footnotes":""},"categories":[2],"tags":[],"class_list":["post-36282","post","type-post","status-publish","format-standard","has-post-thumbnail","hentry","category-infogral"],"_links":{"self":[{"href":"http:\/\/vocesver.com\/noticias\/wp-json\/wp\/v2\/posts\/36282","targetHints":{"allow":["GET"]}}],"collection":[{"href":"http:\/\/vocesver.com\/noticias\/wp-json\/wp\/v2\/posts"}],"about":[{"href":"http:\/\/vocesver.com\/noticias\/wp-json\/wp\/v2\/types\/post"}],"author":[{"embeddable":true,"href":"http:\/\/vocesver.com\/noticias\/wp-json\/wp\/v2\/users\/2"}],"replies":[{"embeddable":true,"href":"http:\/\/vocesver.com\/noticias\/wp-json\/wp\/v2\/comments?post=36282"}],"version-history":[{"count":3,"href":"http:\/\/vocesver.com\/noticias\/wp-json\/wp\/v2\/posts\/36282\/revisions"}],"predecessor-version":[{"id":36289,"href":"http:\/\/vocesver.com\/noticias\/wp-json\/wp\/v2\/posts\/36282\/revisions\/36289"}],"wp:featuredmedia":[{"embeddable":true,"href":"http:\/\/vocesver.com\/noticias\/wp-json\/wp\/v2\/media\/36287"}],"wp:attachment":[{"href":"http:\/\/vocesver.com\/noticias\/wp-json\/wp\/v2\/media?parent=36282"}],"wp:term":[{"taxonomy":"category","embeddable":true,"href":"http:\/\/vocesver.com\/noticias\/wp-json\/wp\/v2\/categories?post=36282"},{"taxonomy":"post_tag","embeddable":true,"href":"http:\/\/vocesver.com\/noticias\/wp-json\/wp\/v2\/tags?post=36282"}],"curies":[{"name":"wp","href":"https:\/\/api.w.org\/{rel}","templated":true}]}}