{"id":36269,"date":"2022-07-27T18:21:11","date_gmt":"2022-07-27T18:21:11","guid":{"rendered":"http:\/\/vocesver.com\/noticias\/?p=36269"},"modified":"2022-07-27T18:23:18","modified_gmt":"2022-07-27T18:23:18","slug":"tragedia-en-la-acapulco-zihuatanejo-choque-multiple-deja-9-muertos-y-3-heridos","status":"publish","type":"post","link":"http:\/\/vocesver.com\/noticias\/tragedia-en-la-acapulco-zihuatanejo-choque-multiple-deja-9-muertos-y-3-heridos\/","title":{"rendered":"Tragedia en la Acapulco-Zihuatanejo: choque m\u00faltiple deja 9 muertos y 3 heridos"},"content":{"rendered":"\n<p><br><br><br><br>El accidente fue atendido por las autoridades sobre la carretera Acapulco-Zihuatanejo. Foto: Secretar\u00eda de Protecci\u00f3n Civil Guerrero<br><br><br><br>REDACCI\u00d3N\/VOCESVER.COM\/NOTICIAS<br><br>NACIONAL.(GUERRERO)..A 27 DE  JULIO 2022.- DE ACUERDO CON INFORMACI\u00d3N DE REDACCI\u00d3N\/UNOTV&#8230;&#8230;  En el estado de Guerrero se registr\u00f3 un choque m\u00faltiple, espec\u00edficamente sobre la carretera Acapulco-Zihuatanejo, lo que provoc\u00f3 la muerte de, al menos, nueve personas; adem\u00e1s, otras tres resultaron lesionadas. Debido al accidente, distintos cuerpos de emergencia se trasladaron a la zona.<br><br><br>\u00bfQu\u00e9 se sabe del choque m\u00faltiple en la carretera Acapulco-Zihuatanejo?<br>Alrededor de las 06:00 horas de este mi\u00e9rcoles, un cami\u00f3n que transportaba fragmentos de madera tuvo un fuerte percance con dos veh\u00edculos particulares, lo que provoc\u00f3 el choque m\u00faltiple en la carretera Acapulco-Zihuatanejo, as\u00ed como la muerte de nueve personas.<br><br>A trav\u00e9s de sus redes sociales, la Secretar\u00eda de Protecci\u00f3n Civil de Guerrero dio a conocer que su personal de la Regi\u00f3n Operativa Sierra y Acapulco atendi\u00f3 el accidente vehicular, lo cual ocurri\u00f3 cerca del poblado de Llano de Puerta, en el municipio de T\u00e9cpan de Galeana.<br><br><br>De igual manera, la propia autoridad indic\u00f3 que, debido al choque m\u00faltiple, se llev\u00f3 a cabo de forma inmediata el cierre a la circulaci\u00f3n vehicular sobre esta v\u00eda de comunicaci\u00f3n, en tanto continuaban los trabajos de los cuerpos de rescate y emergencia.<br><br><br><br>\u00bfQui\u00e9nes apoyan en las tareas de emergencia?<br>En la atenci\u00f3n de este percance en Guerrero, se a\u00f1adi\u00f3, tambi\u00e9n participan personal de Protecci\u00f3n Civil T\u00e9cpan de Galeana, Protecci\u00f3n Civil Benito Ju\u00e1rez, Cruz Roja, Guardia Nacional, Fiscal\u00eda General del Estado y Polic\u00eda Estatal.<br><br><br>De momento, no hay m\u00e1s informaci\u00f3n sobre este acontecimiento, por lo que se desconoce cu\u00e1l o cu\u00e1les fueron las causas que generaron el accidente, as\u00ed como si hubo alg\u00fan detenido.<br><br>Recomendaciones al salir a carretera<br>Protecci\u00f3n Civil de Guerrero, ante la cercan\u00eda de las vacaciones de verano, emiti\u00f3 algunas recomendaciones que puedes tomar en cuenta:<br><br>Verifica el buen estado de tu autom\u00f3vil<br>Usa cintur\u00f3n de seguridad<br>Respeta los l\u00edmites de velocidad<br>Evita el uso del celular<br>Si en estas vacaciones de #Verano2022 sales a carretera, toma en cuenta las siguientes recomendaciones:<br>&#x1f697;Verifica el buen estado de tu autom\u00f3vil.<br>&#x1f697;Usa cintur\u00f3n de seguridad.<br>&#x1f697;Respeta los l\u00edmites de velocidad.<br>&#x1f697;Evita el uso del celular.#LaPrevenci\u00f3nEsTareaDeTodasyTodos pic.twitter.com\/6E9DXezAhd<br><br><br><br><br><br><br><br><br>INF. DE REDACCI\u00d3N\/UNOTV&#8230;.<br><br><br><br><br><br><br><br><br><br><br><br><br><br><br><br><br><br><br><br><br><br><br><br><br><br><br><br><br><br><br><br><br><br><br><br><br><br><br><br><br><br><\/p>\n","protected":false},"excerpt":{"rendered":"<p>El accidente fue atendido por las autoridades sobre la carretera Acapulco-Zihuatanejo. Foto: Secretar\u00eda de Protecci\u00f3n Civil Guerrero REDACCI\u00d3N\/VOCESVER.COM\/NOTICIAS NACIONAL.(GUERRERO)..A 27<\/p>\n","protected":false},"author":2,"featured_media":36279,"comment_status":"open","ping_status":"open","sticky":false,"template":"","format":"standard","meta":{"colormag_page_container_layout":"default_layout","colormag_page_sidebar_layout":"default_layout","footnotes":""},"categories":[5],"tags":[],"class_list":["post-36269","post","type-post","status-publish","format-standard","has-post-thumbnail","hentry","category-nacional"],"_links":{"self":[{"href":"http:\/\/vocesver.com\/noticias\/wp-json\/wp\/v2\/posts\/36269","targetHints":{"allow":["GET"]}}],"collection":[{"href":"http:\/\/vocesver.com\/noticias\/wp-json\/wp\/v2\/posts"}],"about":[{"href":"http:\/\/vocesver.com\/noticias\/wp-json\/wp\/v2\/types\/post"}],"author":[{"embeddable":true,"href":"http:\/\/vocesver.com\/noticias\/wp-json\/wp\/v2\/users\/2"}],"replies":[{"embeddable":true,"href":"http:\/\/vocesver.com\/noticias\/wp-json\/wp\/v2\/comments?post=36269"}],"version-history":[{"count":2,"href":"http:\/\/vocesver.com\/noticias\/wp-json\/wp\/v2\/posts\/36269\/revisions"}],"predecessor-version":[{"id":36278,"href":"http:\/\/vocesver.com\/noticias\/wp-json\/wp\/v2\/posts\/36269\/revisions\/36278"}],"wp:featuredmedia":[{"embeddable":true,"href":"http:\/\/vocesver.com\/noticias\/wp-json\/wp\/v2\/media\/36279"}],"wp:attachment":[{"href":"http:\/\/vocesver.com\/noticias\/wp-json\/wp\/v2\/media?parent=36269"}],"wp:term":[{"taxonomy":"category","embeddable":true,"href":"http:\/\/vocesver.com\/noticias\/wp-json\/wp\/v2\/categories?post=36269"},{"taxonomy":"post_tag","embeddable":true,"href":"http:\/\/vocesver.com\/noticias\/wp-json\/wp\/v2\/tags?post=36269"}],"curies":[{"name":"wp","href":"https:\/\/api.w.org\/{rel}","templated":true}]}}