{"id":36263,"date":"2022-07-26T22:12:45","date_gmt":"2022-07-26T22:12:45","guid":{"rendered":"http:\/\/vocesver.com\/noticias\/?p=36263"},"modified":"2022-07-26T22:21:34","modified_gmt":"2022-07-26T22:21:34","slug":"trabajare-de-la-mano-con-todos-los-asociados-de-la-amic-para-que-todos-se-beneficienaaron-zamudio","status":"publish","type":"post","link":"http:\/\/vocesver.com\/noticias\/trabajare-de-la-mano-con-todos-los-asociados-de-la-amic-para-que-todos-se-beneficienaaron-zamudio\/","title":{"rendered":"TRABAJARE DE LA MANO CON LOS ASOCIADOS DE LA  AMIC PARA QUE TODOS SE BENEFICIEN:AARON ZAMUDIO."},"content":{"rendered":"\n<p><br><br>AUSENCIO RIVERA\/VOCESVER.COM\/NOTICIAS<br>Veracruz,Ver.- a 26 de Julio 2022.- Luego de haber sido nombrado delegado regional de la AMIC para los municipios de Veracruz y Boca del R\u00edo, el ingeniero Aar\u00f3n Zamudio Hermida se comprometi\u00f3 a trabajar de manera conjunta con todos los asociados.<br>Explic\u00f3 vamos a reactivar la relaci\u00f3n de los entes contratante y los constructores.<br>Mi objetivo es trabajar de manera conjunta con todos los  asociados \u201cpara que tengamos un frente que ofrecer a este sector.\u201d<br>Por otro lado reconoci\u00f3 que la inconformidad que existe actualmente entre las empresas de la construcci\u00f3n es porque la principal labor de esta asociaci\u00f3n es atraer el gasto, la distribuci\u00f3n del gasto hacia sus agremiados y estos no se han visto beneficiados del todo.<br>Por ello insisti\u00f3 mi trabajo es incrementar esa relaci\u00f3n y vamos a intensificar la gesti\u00f3n de acercamiento con los asociaciones y los entes contratantes para que todos tengan m\u00e1s trabajo.<br><br><br><br><br><br><br><br><br><br><br><br><br><br><br><br><br><br><br><br><br><br><br><br><br><br><br><br><br><br><br><br><br><br><br><br><br><br><br><br><br><br><br><\/p>\n","protected":false},"excerpt":{"rendered":"<p>AUSENCIO RIVERA\/VOCESVER.COM\/NOTICIASVeracruz,Ver.- a 26 de Julio 2022.- Luego de haber sido nombrado delegado regional de la AMIC para los municipios<\/p>\n","protected":false},"author":2,"featured_media":36272,"comment_status":"open","ping_status":"open","sticky":false,"template":"","format":"standard","meta":{"colormag_page_container_layout":"default_layout","colormag_page_sidebar_layout":"default_layout","footnotes":""},"categories":[2],"tags":[],"class_list":["post-36263","post","type-post","status-publish","format-standard","has-post-thumbnail","hentry","category-infogral"],"_links":{"self":[{"href":"http:\/\/vocesver.com\/noticias\/wp-json\/wp\/v2\/posts\/36263","targetHints":{"allow":["GET"]}}],"collection":[{"href":"http:\/\/vocesver.com\/noticias\/wp-json\/wp\/v2\/posts"}],"about":[{"href":"http:\/\/vocesver.com\/noticias\/wp-json\/wp\/v2\/types\/post"}],"author":[{"embeddable":true,"href":"http:\/\/vocesver.com\/noticias\/wp-json\/wp\/v2\/users\/2"}],"replies":[{"embeddable":true,"href":"http:\/\/vocesver.com\/noticias\/wp-json\/wp\/v2\/comments?post=36263"}],"version-history":[{"count":4,"href":"http:\/\/vocesver.com\/noticias\/wp-json\/wp\/v2\/posts\/36263\/revisions"}],"predecessor-version":[{"id":36275,"href":"http:\/\/vocesver.com\/noticias\/wp-json\/wp\/v2\/posts\/36263\/revisions\/36275"}],"wp:featuredmedia":[{"embeddable":true,"href":"http:\/\/vocesver.com\/noticias\/wp-json\/wp\/v2\/media\/36272"}],"wp:attachment":[{"href":"http:\/\/vocesver.com\/noticias\/wp-json\/wp\/v2\/media?parent=36263"}],"wp:term":[{"taxonomy":"category","embeddable":true,"href":"http:\/\/vocesver.com\/noticias\/wp-json\/wp\/v2\/categories?post=36263"},{"taxonomy":"post_tag","embeddable":true,"href":"http:\/\/vocesver.com\/noticias\/wp-json\/wp\/v2\/tags?post=36263"}],"curies":[{"name":"wp","href":"https:\/\/api.w.org\/{rel}","templated":true}]}}