{"id":36258,"date":"2022-07-26T21:35:37","date_gmt":"2022-07-26T21:35:37","guid":{"rendered":"http:\/\/vocesver.com\/noticias\/?p=36258"},"modified":"2022-07-26T21:44:51","modified_gmt":"2022-07-26T21:44:51","slug":"aumenta-en-lo-que-va-del-ano-hasta-un-60-empleo-para-empresarios-de-la-amicgonzalez-vieyra","status":"publish","type":"post","link":"http:\/\/vocesver.com\/noticias\/aumenta-en-lo-que-va-del-ano-hasta-un-60-empleo-para-empresarios-de-la-amicgonzalez-vieyra\/","title":{"rendered":"AUMENTA EN LO QUE VA DEL A\u00d1O HASTA UN 60 % EMPLEO PARA  EMPRESARIOS DE LA AMIC:GONZ\u00c1LEZ VIEYRA."},"content":{"rendered":"\n<p><br>\u00b0Luego de que la pandemia del covid-19 provoc\u00f3 el cierre de algunas empresas y la p\u00e9rdida de mano de obra.<br>\u00b0Nombran al ingeniero Aar\u00f3n Zamudio como delegado de la AMIC para la zona Veracruz-Boca del Rio.<br>AUSENCIO RIVERA\/VOCESVER.COM\/NOTICIAS<br>Veracruz,Ver.- a 26 de Julio 2022.- Debido a las licitaciones del Gobierno Federal,Estatal y  a obras de la Iniciativa Privada el empleo para empresarios del ramo de la construcci\u00f3n se ha incrementado en lo que va de este a\u00f1o hasta un 60 por ciento.<br>Lo anterior lo dio a conocer Fernando Mart\u00edn Gonz\u00e1lez Vieyra delegado estatal de la Asociaci\u00f3n Mexicana de la Industria de la Construcci\u00f3n A.C quien reconoci\u00f3 que a\u00fan hace falta u mayor repunte en este rubro. <br>Entrevistado luego de nombrar al ingeniero Aar\u00f3n Zamudio como delegado de Veracruz y Boca del R\u00edo de esta asociaci\u00f3n explic\u00f3 \u201cvemos con buenos ojos que ya empieza haber trabajo para este sector, el Gobierno del Estado y el Gobierno Federal ya han estado incrementando las licitaciones y en la Iniciativa Privada muchos de nosotros ya hemos encontrado trabajo en el desarrollo de nuevos fraccionamientos y en la construcci\u00f3n de algunas f\u00e1bricas y algunos centros comerciales\u201d.<br>\u201cNosotros aglutinamos a todas las empresas del ramo de la construcci\u00f3n, desde proveedores hasta constructores\u201dindic\u00f3.<br>Nuestra asociaci\u00f3n es de car\u00e1cter nacional y tenemos representaci\u00f3n en toda la Rep\u00fablica Mexicana apunt\u00f3. <br>Con la pandemia del covid-19 la mano de obra bajo y hubo bastantes cierre de empresas constructoras.<br>Es muy dif\u00edcil saber cu\u00e1ntas empresas de la construcci\u00f3n quebrar\u00f3n durante la pandemia, pero yo pienso que hubo un 40 por ciento de decremento en esas fechas. <br>\u201cAfortunadamente las empresas constructoras ya se est\u00e1n reactivando gracias a Dios\u201d dijo .<br> Inform\u00f3  que esta asociaci\u00f3n mexicana de la industria de la construcci\u00f3n A.C es una industria de empresarios \u201cque no tenemos ning\u00fan color pol\u00edtico, ni perseguiimos a ning\u00fan partido\u201d. <br>Rerepresentamos los intereses de los empresarios y de algunas empresas que se dedican a dar insumos a la industria de la construcci\u00f3n, \u201cnosotros queremos ofertar nuestros servicios y nuestros productos tanto al gobierno federal como al gobierno del Estado, as\u00ed como a la Iniciativa Privada\u201d. Esa es la finalidad de la Asociaci\u00f3n Mexicana de la Industria de la Construcci\u00f3n (AMIC).asever\u00f3.<br><br><br><br><br><br><br><br><br><br><br><br><br><br><br><br><br><br><br><br><br><br><br><br><br><br><br><br><br><br><br><br><br><br><br><br><br><br><br><br><br><br><\/p>\n","protected":false},"excerpt":{"rendered":"<p>\u00b0Luego de que la pandemia del covid-19 provoc\u00f3 el cierre de algunas empresas y la p\u00e9rdida de mano de obra.\u00b0Nombran<\/p>\n","protected":false},"author":2,"featured_media":36265,"comment_status":"open","ping_status":"open","sticky":false,"template":"","format":"standard","meta":{"colormag_page_container_layout":"default_layout","colormag_page_sidebar_layout":"default_layout","footnotes":""},"categories":[2],"tags":[],"class_list":["post-36258","post","type-post","status-publish","format-standard","has-post-thumbnail","hentry","category-infogral"],"_links":{"self":[{"href":"http:\/\/vocesver.com\/noticias\/wp-json\/wp\/v2\/posts\/36258","targetHints":{"allow":["GET"]}}],"collection":[{"href":"http:\/\/vocesver.com\/noticias\/wp-json\/wp\/v2\/posts"}],"about":[{"href":"http:\/\/vocesver.com\/noticias\/wp-json\/wp\/v2\/types\/post"}],"author":[{"embeddable":true,"href":"http:\/\/vocesver.com\/noticias\/wp-json\/wp\/v2\/users\/2"}],"replies":[{"embeddable":true,"href":"http:\/\/vocesver.com\/noticias\/wp-json\/wp\/v2\/comments?post=36258"}],"version-history":[{"count":3,"href":"http:\/\/vocesver.com\/noticias\/wp-json\/wp\/v2\/posts\/36258\/revisions"}],"predecessor-version":[{"id":36267,"href":"http:\/\/vocesver.com\/noticias\/wp-json\/wp\/v2\/posts\/36258\/revisions\/36267"}],"wp:featuredmedia":[{"embeddable":true,"href":"http:\/\/vocesver.com\/noticias\/wp-json\/wp\/v2\/media\/36265"}],"wp:attachment":[{"href":"http:\/\/vocesver.com\/noticias\/wp-json\/wp\/v2\/media?parent=36258"}],"wp:term":[{"taxonomy":"category","embeddable":true,"href":"http:\/\/vocesver.com\/noticias\/wp-json\/wp\/v2\/categories?post=36258"},{"taxonomy":"post_tag","embeddable":true,"href":"http:\/\/vocesver.com\/noticias\/wp-json\/wp\/v2\/tags?post=36258"}],"curies":[{"name":"wp","href":"https:\/\/api.w.org\/{rel}","templated":true}]}}