{"id":36248,"date":"2022-07-26T20:23:43","date_gmt":"2022-07-26T20:23:43","guid":{"rendered":"http:\/\/vocesver.com\/noticias\/?p=36248"},"modified":"2022-07-26T20:28:55","modified_gmt":"2022-07-26T20:28:55","slug":"respalda-morena-detencion-de-jorge-n","status":"publish","type":"post","link":"http:\/\/vocesver.com\/noticias\/respalda-morena-detencion-de-jorge-n\/","title":{"rendered":"RESPALDA MORENA DETENCI\u00d3N DE JORGE N"},"content":{"rendered":"\n<p><br>El delegado estatal de Morena en funciones de presidente, Esteban Ram\u00edrez Zepeta, se pronunci\u00f3 ante la detenci\u00f3n de Jorge N, y respald\u00f3 las acciones de la fiscal\u00eda del Estado de Veracruz.<br><br><br><br><br>AUSENCIO RIVERA\/VOCESVER.COM\/NOTICIAS<br><br>Xalapa, Ver., 26 de julio del 2022.<br>Esteban Ram\u00edrez Zepeta, delegado estatal de Morena en funciones de presidente, declar\u00f3 que respalda el posicionamiento del gobernador Cuitl\u00e1huac Garc\u00eda Jim\u00e9nez, y se suma al compromiso de revertir los da\u00f1os que administraciones pasadas causaron a trav\u00e9s de la corrupci\u00f3n y la comisi\u00f3n de delitos.<br><br>\u00abComo siempre lo he expresado, nosotros respetamos todos los temas judiciales, confiamos en la fiscal\u00eda del estado, en las autoridades de seguridad nacional, y aqu\u00ed en Veracruz, como siempre lo hemos hecho, confiamos que si alguien debe, que la pague.\u00bb, dijo.<br><br>Y reiter\u00f3 su confianza con la administraci\u00f3n encabezada por el gobernador, Cuitl\u00e1huac Garc\u00eda Jim\u00e9nez, quien dijo que durante la gesti\u00f3n de Jorge N cundi\u00f3 la impunidad desde el \u00f3rgano que debi\u00f3 haber detenido a responsables de los delitos graves, era su atribuci\u00f3n combatirlo y, en cambio, actu\u00f3 con perversidad.<br><br>Tambi\u00e9n, Ram\u00edrez Zepeta afirm\u00f3 que con la Cuarta Transformaci\u00f3n se est\u00e1 acabando con la corrupci\u00f3n y la impunidad en la que nos ten\u00edan sumidos quienes en lugar de procurar la justicia, eran parte del problema.<br><br>\u00abSi alguien comete un delito, independientemente de quien sea, tendr\u00e1 que ser castigado.\u00bb, puntualiz\u00f3.<br><br><br><br><br><br><br><br><br><br><br><br><br><br><br><br><br><br><br><br><br><br><br><br><br><br><br><br><br><br><br><br><br><br><br><br><br><br><br><br><br><br><\/p>\n","protected":false},"excerpt":{"rendered":"<p>El delegado estatal de Morena en funciones de presidente, Esteban Ram\u00edrez Zepeta, se pronunci\u00f3 ante la detenci\u00f3n de Jorge N,<\/p>\n","protected":false},"author":2,"featured_media":36255,"comment_status":"open","ping_status":"open","sticky":false,"template":"","format":"standard","meta":{"colormag_page_container_layout":"default_layout","colormag_page_sidebar_layout":"default_layout","footnotes":""},"categories":[2],"tags":[],"class_list":["post-36248","post","type-post","status-publish","format-standard","has-post-thumbnail","hentry","category-infogral"],"_links":{"self":[{"href":"http:\/\/vocesver.com\/noticias\/wp-json\/wp\/v2\/posts\/36248","targetHints":{"allow":["GET"]}}],"collection":[{"href":"http:\/\/vocesver.com\/noticias\/wp-json\/wp\/v2\/posts"}],"about":[{"href":"http:\/\/vocesver.com\/noticias\/wp-json\/wp\/v2\/types\/post"}],"author":[{"embeddable":true,"href":"http:\/\/vocesver.com\/noticias\/wp-json\/wp\/v2\/users\/2"}],"replies":[{"embeddable":true,"href":"http:\/\/vocesver.com\/noticias\/wp-json\/wp\/v2\/comments?post=36248"}],"version-history":[{"count":3,"href":"http:\/\/vocesver.com\/noticias\/wp-json\/wp\/v2\/posts\/36248\/revisions"}],"predecessor-version":[{"id":36256,"href":"http:\/\/vocesver.com\/noticias\/wp-json\/wp\/v2\/posts\/36248\/revisions\/36256"}],"wp:featuredmedia":[{"embeddable":true,"href":"http:\/\/vocesver.com\/noticias\/wp-json\/wp\/v2\/media\/36255"}],"wp:attachment":[{"href":"http:\/\/vocesver.com\/noticias\/wp-json\/wp\/v2\/media?parent=36248"}],"wp:term":[{"taxonomy":"category","embeddable":true,"href":"http:\/\/vocesver.com\/noticias\/wp-json\/wp\/v2\/categories?post=36248"},{"taxonomy":"post_tag","embeddable":true,"href":"http:\/\/vocesver.com\/noticias\/wp-json\/wp\/v2\/tags?post=36248"}],"curies":[{"name":"wp","href":"https:\/\/api.w.org\/{rel}","templated":true}]}}